{"id":2541,"date":"2021-04-17T18:00:12","date_gmt":"2021-04-17T16:00:12","guid":{"rendered":"http:\/\/jlggb.net\/blog7\/?p=2541"},"modified":"2021-04-23T15:12:00","modified_gmt":"2021-04-23T13:12:00","slug":"arbres-plus","status":"publish","type":"post","link":"http:\/\/jlggb.net\/blog7\/arbres-plus\/","title":{"rendered":"Arbres en avril correctif"},"content":{"rendered":"<p><a href=\"http:\/\/jlggb.net\/blog7\/wp-content\/uploads\/2021\/04\/20210417-arbres-avril-bis-jlggb.jpg\" data-rel=\"lightbox-image-0\" data-imagelightbox=\"0\" data-rl_title=\"\" data-rl_caption=\"\" title=\"\"><img loading=\"lazy\" decoding=\"async\" class=\"alignnone size-full wp-image-2542\" src=\"http:\/\/jlggb.net\/blog7\/wp-content\/uploads\/2021\/04\/20210417-arbres-avril-bis-jlggb.jpg\" alt=\"\" width=\"640\" height=\"480\" srcset=\"http:\/\/jlggb.net\/blog7\/wp-content\/uploads\/2021\/04\/20210417-arbres-avril-bis-jlggb.jpg 2400w, http:\/\/jlggb.net\/blog7\/wp-content\/uploads\/2021\/04\/20210417-arbres-avril-bis-jlggb-640x480.jpg 640w, http:\/\/jlggb.net\/blog7\/wp-content\/uploads\/2021\/04\/20210417-arbres-avril-bis-jlggb-768x576.jpg 768w, http:\/\/jlggb.net\/blog7\/wp-content\/uploads\/2021\/04\/20210417-arbres-avril-bis-jlggb-1536x1152.jpg 1536w, http:\/\/jlggb.net\/blog7\/wp-content\/uploads\/2021\/04\/20210417-arbres-avril-bis-jlggb-2048x1536.jpg 2048w, http:\/\/jlggb.net\/blog7\/wp-content\/uploads\/2021\/04\/20210417-arbres-avril-bis-jlggb-150x113.jpg 150w\" sizes=\"auto, (max-width: 640px) 100vw, 640px\" \/><\/a><br \/>\nSamedi 17 avril 2021, 18h, all\u00e9e du Chevreuil, Aix-les-Bains. Deux prises pr\u00e9c\u00e9dentes&nbsp;: <a href=\"http:\/\/jlggb.net\/blog7\/lhiver-les-arbres\/\" target=\"_blank\" rel=\"noopener\">http:\/\/jlggb.net\/blog7\/lhiver-les-arbres\/<\/a>&nbsp;; <a href=\"http:\/\/jlggb.net\/blog7\/arbres-en-avril\/\">http:\/\/jlggb.net\/blog7\/arbres-en-avril\/<\/a>. L&rsquo;exercice d&rsquo;un cadrage qui corrige le deuxi\u00e8me, identique au premier, est long, m\u00e9ticuleux, instructif, pas seulement pour la prise de vues mais pour \u00e9prouver les positions spatiales relatives.<\/p>\n","protected":false},"excerpt":{"rendered":"<p>Samedi 17 avril 2021, 18h, all\u00e9e du Chevreuil, Aix-les-Bains. Deux prises pr\u00e9c\u00e9dentes&nbsp;: http:\/\/jlggb.net\/blog7\/lhiver-les-arbres\/&nbsp;; http:\/\/jlggb.net\/blog7\/arbres-en-avril\/. L&rsquo;exercice d&rsquo;un cadrage qui corrige le deuxi\u00e8me, identique au premier, est long, m\u00e9ticuleux, instructif, pas seulement pour la prise de vues mais pour \u00e9prouver les positions spatiales relatives.<\/p>\n","protected":false},"author":1,"featured_media":0,"comment_status":"closed","ping_status":"closed","sticky":false,"template":"","format":"standard","meta":{"footnotes":""},"categories":[67,210,19],"tags":[114,427,230],"class_list":["post-2541","post","type-post","status-publish","format-standard","hentry","category-collecter","category-construire","category-revenir","tag-arbre","tag-cadrer","tag-photo"],"_links":{"self":[{"href":"http:\/\/jlggb.net\/blog7\/wp-json\/wp\/v2\/posts\/2541","targetHints":{"allow":["GET"]}}],"collection":[{"href":"http:\/\/jlggb.net\/blog7\/wp-json\/wp\/v2\/posts"}],"about":[{"href":"http:\/\/jlggb.net\/blog7\/wp-json\/wp\/v2\/types\/post"}],"author":[{"embeddable":true,"href":"http:\/\/jlggb.net\/blog7\/wp-json\/wp\/v2\/users\/1"}],"replies":[{"embeddable":true,"href":"http:\/\/jlggb.net\/blog7\/wp-json\/wp\/v2\/comments?post=2541"}],"version-history":[{"count":12,"href":"http:\/\/jlggb.net\/blog7\/wp-json\/wp\/v2\/posts\/2541\/revisions"}],"predecessor-version":[{"id":2562,"href":"http:\/\/jlggb.net\/blog7\/wp-json\/wp\/v2\/posts\/2541\/revisions\/2562"}],"wp:attachment":[{"href":"http:\/\/jlggb.net\/blog7\/wp-json\/wp\/v2\/media?parent=2541"}],"wp:term":[{"taxonomy":"category","embeddable":true,"href":"http:\/\/jlggb.net\/blog7\/wp-json\/wp\/v2\/categories?post=2541"},{"taxonomy":"post_tag","embeddable":true,"href":"http:\/\/jlggb.net\/blog7\/wp-json\/wp\/v2\/tags?post=2541"}],"curies":[{"name":"wp","href":"https:\/\/api.w.org\/{rel}","templated":true}]}}