{"id":1926,"date":"2021-01-01T10:53:59","date_gmt":"2021-01-01T09:53:59","guid":{"rendered":"http:\/\/jlggb.net\/blog7\/?p=1926"},"modified":"2021-01-09T00:46:31","modified_gmt":"2021-01-08T23:46:31","slug":"son-portrait-a-vingt-ans","status":"publish","type":"post","link":"http:\/\/jlggb.net\/blog7\/son-portrait-a-vingt-ans\/","title":{"rendered":"Son portrait \u00e0 vingt ans"},"content":{"rendered":"<p><a href=\"http:\/\/jlggb.net\/blog7\/wp-content\/uploads\/2021\/01\/emma-20ans-medaillon-jlggb-scaled.jpg\" data-rel=\"lightbox-image-0\" data-imagelightbox=\"0\" data-rl_title=\"\" data-rl_caption=\"\" title=\"\"><img loading=\"lazy\" decoding=\"async\" src=\"http:\/\/jlggb.net\/blog7\/wp-content\/uploads\/2021\/01\/emma-20ans-medaillon-jlggb-scaled.jpg\" alt=\"\" width=\"640\" height=\"640\" class=\"alignnone size-full wp-image-1927\" srcset=\"http:\/\/jlggb.net\/blog7\/wp-content\/uploads\/2021\/01\/emma-20ans-medaillon-jlggb-scaled.jpg 2560w, http:\/\/jlggb.net\/blog7\/wp-content\/uploads\/2021\/01\/emma-20ans-medaillon-jlggb-640x640.jpg 640w, http:\/\/jlggb.net\/blog7\/wp-content\/uploads\/2021\/01\/emma-20ans-medaillon-jlggb-320x320.jpg 320w, http:\/\/jlggb.net\/blog7\/wp-content\/uploads\/2021\/01\/emma-20ans-medaillon-jlggb-768x768.jpg 768w, http:\/\/jlggb.net\/blog7\/wp-content\/uploads\/2021\/01\/emma-20ans-medaillon-jlggb-1536x1536.jpg 1536w, http:\/\/jlggb.net\/blog7\/wp-content\/uploads\/2021\/01\/emma-20ans-medaillon-jlggb-2048x2048.jpg 2048w, http:\/\/jlggb.net\/blog7\/wp-content\/uploads\/2021\/01\/emma-20ans-medaillon-jlggb-150x150.jpg 150w\" sizes=\"auto, (max-width: 640px) 100vw, 640px\" \/><\/a><br \/>\nVendredi 1er janvier 2021, 11h. Notre m\u00e8re, en souvenir. Le portrait d&rsquo;Emma \u00e0 vingt ans, telle qu&rsquo;elle est sur la photographie de sa promotion de l&rsquo;\u00c9cole normale.<\/p>\n","protected":false},"excerpt":{"rendered":"<p>Vendredi 1er janvier 2021, 11h. Notre m\u00e8re, en souvenir. Le portrait d&rsquo;Emma \u00e0 vingt ans, telle qu&rsquo;elle est sur la photographie de sa promotion de l&rsquo;\u00c9cole normale.<\/p>\n","protected":false},"author":1,"featured_media":0,"comment_status":"closed","ping_status":"closed","sticky":false,"template":"","format":"standard","meta":{"footnotes":""},"categories":[30,98],"tags":[352,273,292],"class_list":["post-1926","post","type-post","status-publish","format-standard","hentry","category-figurer","category-raconter","tag-detail","tag-photographie","tag-portrait"],"_links":{"self":[{"href":"http:\/\/jlggb.net\/blog7\/wp-json\/wp\/v2\/posts\/1926","targetHints":{"allow":["GET"]}}],"collection":[{"href":"http:\/\/jlggb.net\/blog7\/wp-json\/wp\/v2\/posts"}],"about":[{"href":"http:\/\/jlggb.net\/blog7\/wp-json\/wp\/v2\/types\/post"}],"author":[{"embeddable":true,"href":"http:\/\/jlggb.net\/blog7\/wp-json\/wp\/v2\/users\/1"}],"replies":[{"embeddable":true,"href":"http:\/\/jlggb.net\/blog7\/wp-json\/wp\/v2\/comments?post=1926"}],"version-history":[{"count":1,"href":"http:\/\/jlggb.net\/blog7\/wp-json\/wp\/v2\/posts\/1926\/revisions"}],"predecessor-version":[{"id":1928,"href":"http:\/\/jlggb.net\/blog7\/wp-json\/wp\/v2\/posts\/1926\/revisions\/1928"}],"wp:attachment":[{"href":"http:\/\/jlggb.net\/blog7\/wp-json\/wp\/v2\/media?parent=1926"}],"wp:term":[{"taxonomy":"category","embeddable":true,"href":"http:\/\/jlggb.net\/blog7\/wp-json\/wp\/v2\/categories?post=1926"},{"taxonomy":"post_tag","embeddable":true,"href":"http:\/\/jlggb.net\/blog7\/wp-json\/wp\/v2\/tags?post=1926"}],"curies":[{"name":"wp","href":"https:\/\/api.w.org\/{rel}","templated":true}]}}