{"id":1770,"date":"2020-12-06T23:00:50","date_gmt":"2020-12-06T22:00:50","guid":{"rendered":"http:\/\/jlggb.net\/blog7\/?p=1770"},"modified":"2021-02-04T23:40:46","modified_gmt":"2021-02-04T22:40:46","slug":"pommiers-despaliers","status":"publish","type":"post","link":"http:\/\/jlggb.net\/blog7\/pommiers-despaliers\/","title":{"rendered":"En espalier"},"content":{"rendered":"<p><a href=\"http:\/\/jlggb.net\/blog7\/wp-content\/uploads\/2020\/12\/pommiers-duo-20201206-jlggb-scaled.jpg\" data-rel=\"lightbox-image-0\" data-imagelightbox=\"0\" data-rl_title=\"\" data-rl_caption=\"\" title=\"\"><img loading=\"lazy\" decoding=\"async\" src=\"http:\/\/jlggb.net\/blog7\/wp-content\/uploads\/2020\/12\/pommiers-duo-20201206-jlggb-scaled.jpg\" alt=\"\" width=\"640\" height=\"480\" class=\"alignnone size-full wp-image-2159\" srcset=\"http:\/\/jlggb.net\/blog7\/wp-content\/uploads\/2020\/12\/pommiers-duo-20201206-jlggb-scaled.jpg 2560w, http:\/\/jlggb.net\/blog7\/wp-content\/uploads\/2020\/12\/pommiers-duo-20201206-jlggb-640x480.jpg 640w, http:\/\/jlggb.net\/blog7\/wp-content\/uploads\/2020\/12\/pommiers-duo-20201206-jlggb-768x576.jpg 768w, http:\/\/jlggb.net\/blog7\/wp-content\/uploads\/2020\/12\/pommiers-duo-20201206-jlggb-1536x1152.jpg 1536w, http:\/\/jlggb.net\/blog7\/wp-content\/uploads\/2020\/12\/pommiers-duo-20201206-jlggb-2048x1536.jpg 2048w, http:\/\/jlggb.net\/blog7\/wp-content\/uploads\/2020\/12\/pommiers-duo-20201206-jlggb-150x113.jpg 150w\" sizes=\"auto, (max-width: 640px) 100vw, 640px\" \/><\/a><br \/>\nDimanche 6 d\u00e9cembre 2020, 14h30, Saint-Sulpice, Savoie. Les pommes et les poires des d\u00e9partements de Savoie et Haute-Savoie ont le Label R\u00e9gional Savoie. Ici, sur les pentes au pied de la cha\u00eene de l\u2019\u00c9pine, ce qu&rsquo;on d\u00e9couvre, c&rsquo;est que, pour avoir de beaux fruits, les arbres sont en espalier, tortueux, tourment\u00e9s, gesticulants. Au th\u00e9\u00e2tre, on a pu employer ce mot pour d\u00e9signer un alignement de figurants anim\u00e9s. Il reste quelques petites pommes&nbsp;: <a href=\"http:\/\/jlggb.net\/blog7\/2152-2\/\" rel=\"noopener\" target=\"_blank\">http:\/\/jlggb.net\/blog7\/2152-2\/<\/a><\/p>\n","protected":false},"excerpt":{"rendered":"<p>Dimanche 6 d\u00e9cembre 2020, 14h30, Saint-Sulpice, Savoie. Les pommes et les poires des d\u00e9partements de Savoie et Haute-Savoie ont le Label R\u00e9gional Savoie. Ici, sur les pentes au pied de la cha\u00eene de l\u2019\u00c9pine, ce qu&rsquo;on d\u00e9couvre, c&rsquo;est que, pour avoir de beaux fruits, les arbres sont en espalier, tortueux, tourment\u00e9s, gesticulants. Au th\u00e9\u00e2tre, on &hellip; <a href=\"http:\/\/jlggb.net\/blog7\/pommiers-despaliers\/\" class=\"more-link\">Continuer la lecture de <span class=\"screen-reader-text\">En espalier<\/span><\/a><\/p>\n","protected":false},"author":1,"featured_media":0,"comment_status":"closed","ping_status":"closed","sticky":false,"template":"","format":"standard","meta":{"footnotes":""},"categories":[210,107],"tags":[114,328,330,329],"class_list":["post-1770","post","type-post","status-publish","format-standard","hentry","category-construire","category-eprouver","tag-arbre","tag-branche","tag-taille","tag-tordu"],"_links":{"self":[{"href":"http:\/\/jlggb.net\/blog7\/wp-json\/wp\/v2\/posts\/1770","targetHints":{"allow":["GET"]}}],"collection":[{"href":"http:\/\/jlggb.net\/blog7\/wp-json\/wp\/v2\/posts"}],"about":[{"href":"http:\/\/jlggb.net\/blog7\/wp-json\/wp\/v2\/types\/post"}],"author":[{"embeddable":true,"href":"http:\/\/jlggb.net\/blog7\/wp-json\/wp\/v2\/users\/1"}],"replies":[{"embeddable":true,"href":"http:\/\/jlggb.net\/blog7\/wp-json\/wp\/v2\/comments?post=1770"}],"version-history":[{"count":7,"href":"http:\/\/jlggb.net\/blog7\/wp-json\/wp\/v2\/posts\/1770\/revisions"}],"predecessor-version":[{"id":2162,"href":"http:\/\/jlggb.net\/blog7\/wp-json\/wp\/v2\/posts\/1770\/revisions\/2162"}],"wp:attachment":[{"href":"http:\/\/jlggb.net\/blog7\/wp-json\/wp\/v2\/media?parent=1770"}],"wp:term":[{"taxonomy":"category","embeddable":true,"href":"http:\/\/jlggb.net\/blog7\/wp-json\/wp\/v2\/categories?post=1770"},{"taxonomy":"post_tag","embeddable":true,"href":"http:\/\/jlggb.net\/blog7\/wp-json\/wp\/v2\/tags?post=1770"}],"curies":[{"name":"wp","href":"https:\/\/api.w.org\/{rel}","templated":true}]}}