{"id":1282,"date":"2020-10-13T13:00:03","date_gmt":"2020-10-13T11:00:03","guid":{"rendered":"http:\/\/jlggb.net\/blog7\/?p=1282"},"modified":"2020-10-14T13:16:12","modified_gmt":"2020-10-14T11:16:12","slug":"une-oeuvre-au-bord-du-lac","status":"publish","type":"post","link":"http:\/\/jlggb.net\/blog7\/une-oeuvre-au-bord-du-lac\/","title":{"rendered":"Une \u0153uvre au bord du lac"},"content":{"rendered":"<p><a href=\"http:\/\/jlggb.net\/blog7\/wp-content\/uploads\/2020\/10\/baie-bidon-20201013-jlggb-1.jpg\" data-rel=\"lightbox-image-0\" data-imagelightbox=\"0\" data-rl_title=\"\" data-rl_caption=\"\" title=\"\"><img loading=\"lazy\" decoding=\"async\" src=\"http:\/\/jlggb.net\/blog7\/wp-content\/uploads\/2020\/10\/baie-bidon-20201013-jlggb-1.jpg\" alt=\"\" width=\"640\" height=\"480\" class=\"alignnone size-full wp-image-1283\" srcset=\"http:\/\/jlggb.net\/blog7\/wp-content\/uploads\/2020\/10\/baie-bidon-20201013-jlggb-1.jpg 2398w, http:\/\/jlggb.net\/blog7\/wp-content\/uploads\/2020\/10\/baie-bidon-20201013-jlggb-1-300x225.jpg 300w, http:\/\/jlggb.net\/blog7\/wp-content\/uploads\/2020\/10\/baie-bidon-20201013-jlggb-1-768x576.jpg 768w, http:\/\/jlggb.net\/blog7\/wp-content\/uploads\/2020\/10\/baie-bidon-20201013-jlggb-1-1024x768.jpg 1024w, http:\/\/jlggb.net\/blog7\/wp-content\/uploads\/2020\/10\/baie-bidon-20201013-jlggb-1-150x113.jpg 150w\" sizes=\"auto, (max-width: 640px) 100vw, 640px\" \/><\/a><br \/>\nMardi 13 octobre 2020, 13h, esplanade Lamartine, baie de M\u00e9mard, Aix-les-Bains. Fran\u00e7ois Dufeil, <em>Station solaire \u00e0 vapeur<\/em>, 2020, fait partie de la Biennale de l&rsquo;architecture disparue. Les miroirs renvoient le soleil vers un tube d&rsquo;acier. La chaleur va vers le r\u00e9servoir d&rsquo;eau et provoque la fonte d&rsquo;un pain de cire d&rsquo;abeille dont on per\u00e7oit alors l&rsquo;odeur.<\/p>\n","protected":false},"excerpt":{"rendered":"<p>Mardi 13 octobre 2020, 13h, esplanade Lamartine, baie de M\u00e9mard, Aix-les-Bains. Fran\u00e7ois Dufeil, Station solaire \u00e0 vapeur, 2020, fait partie de la Biennale de l&rsquo;architecture disparue. Les miroirs renvoient le soleil vers un tube d&rsquo;acier. La chaleur va vers le r\u00e9servoir d&rsquo;eau et provoque la fonte d&rsquo;un pain de cire d&rsquo;abeille dont on per\u00e7oit alors &hellip; <a href=\"http:\/\/jlggb.net\/blog7\/une-oeuvre-au-bord-du-lac\/\" class=\"more-link\">Continuer la lecture de <span class=\"screen-reader-text\">Une \u0153uvre au bord du lac<\/span><\/a><\/p>\n","protected":false},"author":1,"featured_media":0,"comment_status":"closed","ping_status":"closed","sticky":false,"template":"","format":"standard","meta":{"footnotes":""},"categories":[210,186],"tags":[],"class_list":["post-1282","post","type-post","status-publish","format-standard","hentry","category-construire","category-exposer"],"_links":{"self":[{"href":"http:\/\/jlggb.net\/blog7\/wp-json\/wp\/v2\/posts\/1282","targetHints":{"allow":["GET"]}}],"collection":[{"href":"http:\/\/jlggb.net\/blog7\/wp-json\/wp\/v2\/posts"}],"about":[{"href":"http:\/\/jlggb.net\/blog7\/wp-json\/wp\/v2\/types\/post"}],"author":[{"embeddable":true,"href":"http:\/\/jlggb.net\/blog7\/wp-json\/wp\/v2\/users\/1"}],"replies":[{"embeddable":true,"href":"http:\/\/jlggb.net\/blog7\/wp-json\/wp\/v2\/comments?post=1282"}],"version-history":[{"count":6,"href":"http:\/\/jlggb.net\/blog7\/wp-json\/wp\/v2\/posts\/1282\/revisions"}],"predecessor-version":[{"id":1293,"href":"http:\/\/jlggb.net\/blog7\/wp-json\/wp\/v2\/posts\/1282\/revisions\/1293"}],"wp:attachment":[{"href":"http:\/\/jlggb.net\/blog7\/wp-json\/wp\/v2\/media?parent=1282"}],"wp:term":[{"taxonomy":"category","embeddable":true,"href":"http:\/\/jlggb.net\/blog7\/wp-json\/wp\/v2\/categories?post=1282"},{"taxonomy":"post_tag","embeddable":true,"href":"http:\/\/jlggb.net\/blog7\/wp-json\/wp\/v2\/tags?post=1282"}],"curies":[{"name":"wp","href":"https:\/\/api.w.org\/{rel}","templated":true}]}}