{"id":1192,"date":"2020-10-04T11:30:54","date_gmt":"2020-10-04T09:30:54","guid":{"rendered":"http:\/\/jlggb.net\/blog7\/?p=1192"},"modified":"2020-11-26T15:59:14","modified_gmt":"2020-11-26T14:59:14","slug":"une-pomme-de-terre","status":"publish","type":"post","link":"http:\/\/jlggb.net\/blog7\/une-pomme-de-terre\/","title":{"rendered":"Une pomme de terre"},"content":{"rendered":"<p><a href=\"http:\/\/jlggb.net\/blog7\/wp-content\/uploads\/2020\/10\/pommedeterre-20201004-jlggb.jpg\" data-rel=\"lightbox-image-0\" data-imagelightbox=\"0\" data-rl_title=\"\" data-rl_caption=\"\" title=\"\"><img loading=\"lazy\" decoding=\"async\" src=\"http:\/\/jlggb.net\/blog7\/wp-content\/uploads\/2020\/10\/pommedeterre-20201004-jlggb.jpg\" class=\"size-full wp-image-1195\" alt=\"\" width=\"2400\" height=\"1800\" srcset=\"http:\/\/jlggb.net\/blog7\/wp-content\/uploads\/2020\/10\/pommedeterre-20201004-jlggb.jpg 2400w, http:\/\/jlggb.net\/blog7\/wp-content\/uploads\/2020\/10\/pommedeterre-20201004-jlggb-300x225.jpg 300w, http:\/\/jlggb.net\/blog7\/wp-content\/uploads\/2020\/10\/pommedeterre-20201004-jlggb-768x576.jpg 768w, http:\/\/jlggb.net\/blog7\/wp-content\/uploads\/2020\/10\/pommedeterre-20201004-jlggb-1024x768.jpg 1024w, http:\/\/jlggb.net\/blog7\/wp-content\/uploads\/2020\/10\/pommedeterre-20201004-jlggb-150x113.jpg 150w\" sizes=\"auto, (max-width: 2400px) 100vw, 2400px\" \/><\/a><br \/>\nDimanche 4 octobre 2020, 11h30, Aix-les-Bains. Le ma\u00efs et l&rsquo;aubergine, les noix, la betterave, les pommes, ont relanc\u00e9 la publication d&rsquo;images de fruits et de l\u00e9gumes. La premi\u00e8re est du 8 juin 2008, \u00ab&nbsp;essai, cerises&nbsp;\u00bb&nbsp;: <a href=\"http:\/\/jlggb.net\/blog\/?p=346\" target=\"_blank\" rel=\"noopener noreferrer\">http:\/\/jlggb.net\/blog\/?p=346<\/a>. Puis il y a eu, le 19 juin 2011, \u00ab&nbsp;Manet, avant, apr\u00e8s&nbsp;\u00bb&nbsp;: <a href=\"http:\/\/jlggb.net\/blog2\/?p=5930\" rel=\"noopener noreferrer\" target=\"_blank\">http:\/\/jlggb.net\/blog2\/?p=5930<\/a>&nbsp;; le 5 novembre 2013, \u00ab&nbsp;La poire et la pomme&nbsp;\u00bb (Rousseau)&nbsp;: <a href=\"http:\/\/jlggb.net\/blog3\/?p=7126\" rel=\"noopener noreferrer\" target=\"_blank\">http:\/\/jlggb.net\/blog3\/?p=7126<\/a>&nbsp;; etc.<\/p>\n","protected":false},"excerpt":{"rendered":"<p>Dimanche 4 octobre 2020, 11h30, Aix-les-Bains. Le ma\u00efs et l&rsquo;aubergine, les noix, la betterave, les pommes, ont relanc\u00e9 la publication d&rsquo;images de fruits et de l\u00e9gumes. La premi\u00e8re est du 8 juin 2008, \u00ab&nbsp;essai, cerises&nbsp;\u00bb&nbsp;: http:\/\/jlggb.net\/blog\/?p=346. Puis il y a eu, le 19 juin 2011, \u00ab&nbsp;Manet, avant, apr\u00e8s&nbsp;\u00bb&nbsp;: http:\/\/jlggb.net\/blog2\/?p=5930&nbsp;; le 5 novembre 2013, \u00ab&nbsp;La poire &hellip; <a href=\"http:\/\/jlggb.net\/blog7\/une-pomme-de-terre\/\" class=\"more-link\">Continuer la lecture de <span class=\"screen-reader-text\">Une pomme de terre<\/span><\/a><\/p>\n","protected":false},"author":1,"featured_media":0,"comment_status":"closed","ping_status":"closed","sticky":false,"template":"","format":"standard","meta":{"footnotes":""},"categories":[67],"tags":[251,262],"class_list":["post-1192","post","type-post","status-publish","format-standard","hentry","category-collecter","tag-legume","tag-serie"],"_links":{"self":[{"href":"http:\/\/jlggb.net\/blog7\/wp-json\/wp\/v2\/posts\/1192","targetHints":{"allow":["GET"]}}],"collection":[{"href":"http:\/\/jlggb.net\/blog7\/wp-json\/wp\/v2\/posts"}],"about":[{"href":"http:\/\/jlggb.net\/blog7\/wp-json\/wp\/v2\/types\/post"}],"author":[{"embeddable":true,"href":"http:\/\/jlggb.net\/blog7\/wp-json\/wp\/v2\/users\/1"}],"replies":[{"embeddable":true,"href":"http:\/\/jlggb.net\/blog7\/wp-json\/wp\/v2\/comments?post=1192"}],"version-history":[{"count":12,"href":"http:\/\/jlggb.net\/blog7\/wp-json\/wp\/v2\/posts\/1192\/revisions"}],"predecessor-version":[{"id":1584,"href":"http:\/\/jlggb.net\/blog7\/wp-json\/wp\/v2\/posts\/1192\/revisions\/1584"}],"wp:attachment":[{"href":"http:\/\/jlggb.net\/blog7\/wp-json\/wp\/v2\/media?parent=1192"}],"wp:term":[{"taxonomy":"category","embeddable":true,"href":"http:\/\/jlggb.net\/blog7\/wp-json\/wp\/v2\/categories?post=1192"},{"taxonomy":"post_tag","embeddable":true,"href":"http:\/\/jlggb.net\/blog7\/wp-json\/wp\/v2\/tags?post=1192"}],"curies":[{"name":"wp","href":"https:\/\/api.w.org\/{rel}","templated":true}]}}