{"id":893,"date":"2018-05-13T22:21:35","date_gmt":"2018-05-13T20:21:35","guid":{"rendered":"http:\/\/jlggb.net\/blog6\/?p=893"},"modified":"2018-05-13T22:23:32","modified_gmt":"2018-05-13T20:23:32","slug":"893","status":"publish","type":"post","link":"http:\/\/jlggb.net\/blog6\/2018\/05\/13\/893\/","title":{"rendered":"N\u00e9gatifs de 1968"},"content":{"rendered":"<p><a href=\"http:\/\/jlggb.net\/blog6\/wp-content\/uploads\/2018\/05\/11B-1968-grenoble-macadam-20180512.jpg\" data-rel=\"lightbox-image-0\" data-imagelightbox=\"0\" data-rl_title=\"\" data-rl_caption=\"\" title=\"\"><img loading=\"lazy\" decoding=\"async\" class=\"alignnone size-full wp-image-894\" src=\"http:\/\/jlggb.net\/blog6\/wp-content\/uploads\/2018\/05\/11B-1968-grenoble-macadam-20180512.jpg\" alt=\"\" width=\"640\" height=\"480\" \/><\/a><br \/>\n<a href=\"http:\/\/jlggb.net\/blog6\/wp-content\/uploads\/2018\/05\/11B-1968-grenoble-perspective-20180512.jpg\" data-rel=\"lightbox-image-1\" data-imagelightbox=\"1\" data-rl_title=\"\" data-rl_caption=\"\" title=\"\"><img loading=\"lazy\" decoding=\"async\" class=\"alignnone size-full wp-image-895\" src=\"http:\/\/jlggb.net\/blog6\/wp-content\/uploads\/2018\/05\/11B-1968-grenoble-perspective-20180512.jpg\" alt=\"\" width=\"640\" height=\"480\" \/><\/a><br \/>\nDimanche 13 mai 2018, 22h, 93bis. DES ARCHIVES \/ 50 ANS, n\u00e9gatifs. F\u00e9vrier 1968, en voiture \u2014 une Citro\u00ebn Traction Avant 11B \u2014, sur les voies rapides neuves au sud de Grenoble. S&rsquo;en remettre, pour produire des photos, \u00e0 un v\u00e9hicule en mouvement. Je connais Walker Evans, mais pas encore ses photos prises de trains et de voitures. Je sais qu&rsquo;un art conceptuel appara\u00eet en Am\u00e9rique, mais je ne vois pas encore Edward Ruscha \u2014 \u201can extension of the readymade in photographic form\u201d \u2014 ou Dan Graham. La question des pr\u00e9c\u00e9dents interf\u00e8re pourtant avec mes ambitions artistiques.<\/p>\n","protected":false},"excerpt":{"rendered":"<p>Dimanche 13 mai 2018, 22h, 93bis. DES ARCHIVES \/ 50 ANS, n\u00e9gatifs. F\u00e9vrier 1968, en voiture \u2014 une Citro\u00ebn Traction Avant 11B \u2014, sur les voies rapides neuves au sud de Grenoble. S&rsquo;en remettre, pour produire des photos, \u00e0 un v\u00e9hicule en mouvement. Je connais Walker Evans, mais pas encore ses photos prises de trains &hellip; <a href=\"http:\/\/jlggb.net\/blog6\/2018\/05\/13\/893\/\" class=\"more-link\">Continuer la lecture de <span class=\"screen-reader-text\">N\u00e9gatifs de 1968<\/span><\/a><\/p>\n","protected":false},"author":1,"featured_media":0,"comment_status":"closed","ping_status":"closed","sticky":false,"template":"","format":"standard","meta":{"footnotes":""},"categories":[2,6,15],"tags":[91,61,194],"class_list":["post-893","post","type-post","status-publish","format-standard","hentry","category-collection","category-notation","category-transportation","tag-grenoble","tag-photographie","tag-voiture"],"_links":{"self":[{"href":"http:\/\/jlggb.net\/blog6\/wp-json\/wp\/v2\/posts\/893","targetHints":{"allow":["GET"]}}],"collection":[{"href":"http:\/\/jlggb.net\/blog6\/wp-json\/wp\/v2\/posts"}],"about":[{"href":"http:\/\/jlggb.net\/blog6\/wp-json\/wp\/v2\/types\/post"}],"author":[{"embeddable":true,"href":"http:\/\/jlggb.net\/blog6\/wp-json\/wp\/v2\/users\/1"}],"replies":[{"embeddable":true,"href":"http:\/\/jlggb.net\/blog6\/wp-json\/wp\/v2\/comments?post=893"}],"version-history":[{"count":5,"href":"http:\/\/jlggb.net\/blog6\/wp-json\/wp\/v2\/posts\/893\/revisions"}],"predecessor-version":[{"id":900,"href":"http:\/\/jlggb.net\/blog6\/wp-json\/wp\/v2\/posts\/893\/revisions\/900"}],"wp:attachment":[{"href":"http:\/\/jlggb.net\/blog6\/wp-json\/wp\/v2\/media?parent=893"}],"wp:term":[{"taxonomy":"category","embeddable":true,"href":"http:\/\/jlggb.net\/blog6\/wp-json\/wp\/v2\/categories?post=893"},{"taxonomy":"post_tag","embeddable":true,"href":"http:\/\/jlggb.net\/blog6\/wp-json\/wp\/v2\/tags?post=893"}],"curies":[{"name":"wp","href":"https:\/\/api.w.org\/{rel}","templated":true}]}}