{"id":581,"date":"2018-03-18T17:00:19","date_gmt":"2018-03-18T16:00:19","guid":{"rendered":"http:\/\/jlggb.net\/blog6\/?p=581"},"modified":"2018-03-18T23:57:46","modified_gmt":"2018-03-18T22:57:46","slug":"bleue-et-bleue","status":"publish","type":"post","link":"http:\/\/jlggb.net\/blog6\/2018\/03\/18\/bleue-et-bleue\/","title":{"rendered":"Bleue et bleue"},"content":{"rendered":"<p><a href=\"http:\/\/jlggb.net\/blog6\/wp-content\/uploads\/2018\/03\/bleue-bleue-20180318.jpg\" data-rel=\"lightbox-image-0\" data-imagelightbox=\"0\" data-rl_title=\"\" data-rl_caption=\"\" title=\"\"><img loading=\"lazy\" decoding=\"async\" class=\"size-full wp-image-582\" src=\"http:\/\/jlggb.net\/blog6\/wp-content\/uploads\/2018\/03\/bleue-bleue-20180318.jpg\" alt=\"\" width=\"640\" height=\"480\" srcset=\"http:\/\/jlggb.net\/blog6\/wp-content\/uploads\/2018\/03\/bleue-bleue-20180318.jpg 2400w, http:\/\/jlggb.net\/blog6\/wp-content\/uploads\/2018\/03\/bleue-bleue-20180318-300x225.jpg 300w, http:\/\/jlggb.net\/blog6\/wp-content\/uploads\/2018\/03\/bleue-bleue-20180318-768x576.jpg 768w, http:\/\/jlggb.net\/blog6\/wp-content\/uploads\/2018\/03\/bleue-bleue-20180318-1024x768.jpg 1024w, http:\/\/jlggb.net\/blog6\/wp-content\/uploads\/2018\/03\/bleue-bleue-20180318-150x113.jpg 150w\" sizes=\"auto, (max-width: 640px) 100vw, 640px\" \/><\/a><br \/>\nDimanche 18 mars 2018, 17h, 93bis. La fourme d&rsquo;Ambert est un fromage au lait de vache moul\u00e9 en blocs cylindriques de 19 cm de haut sur 13 cm de diam\u00e8tre. Pour la vente, c&rsquo;est une tranche de 1,5 cm d&rsquo;\u00e9paisseur qui est pos\u00e9e ici sur une assiette de porcelaine de chez Habitat. Cette pi\u00e8ce appartient au service cr\u00e9\u00e9 par les fr\u00e8res Bouroullec et nomm\u00e9 AIO dans lequel le diam\u00e8tre standard est de 15,5 cm, avec des bordures de 1,5 cm. Le bleu de la porcelaine vient d&rsquo;un oxyde de cobalt l\u00e9ger, le bleu du fromage est celui d&rsquo;un <em>p\u00e9nicillium<\/em> qui provient du seigle. Les deux parties se r\u00e9clament d&rsquo;une fabrication traditionnelle du Massif central.<\/p>\n","protected":false},"excerpt":{"rendered":"<p>Dimanche 18 mars 2018, 17h, 93bis. La fourme d&rsquo;Ambert est un fromage au lait de vache moul\u00e9 en blocs cylindriques de 19 cm de haut sur 13 cm de diam\u00e8tre. Pour la vente, c&rsquo;est une tranche de 1,5 cm d&rsquo;\u00e9paisseur qui est pos\u00e9e ici sur une assiette de porcelaine de chez Habitat. Cette pi\u00e8ce appartient &hellip; <a href=\"http:\/\/jlggb.net\/blog6\/2018\/03\/18\/bleue-et-bleue\/\" class=\"more-link\">Continuer la lecture de <span class=\"screen-reader-text\">Bleue et bleue<\/span><\/a><\/p>\n","protected":false},"author":1,"featured_media":0,"comment_status":"closed","ping_status":"closed","sticky":false,"template":"","format":"standard","meta":{"footnotes":""},"categories":[12,14],"tags":[67,139,86],"class_list":["post-581","post","type-post","status-publish","format-standard","hentry","category-objectivation","category-superposition","tag-bleu","tag-fromage","tag-porcelaine"],"_links":{"self":[{"href":"http:\/\/jlggb.net\/blog6\/wp-json\/wp\/v2\/posts\/581","targetHints":{"allow":["GET"]}}],"collection":[{"href":"http:\/\/jlggb.net\/blog6\/wp-json\/wp\/v2\/posts"}],"about":[{"href":"http:\/\/jlggb.net\/blog6\/wp-json\/wp\/v2\/types\/post"}],"author":[{"embeddable":true,"href":"http:\/\/jlggb.net\/blog6\/wp-json\/wp\/v2\/users\/1"}],"replies":[{"embeddable":true,"href":"http:\/\/jlggb.net\/blog6\/wp-json\/wp\/v2\/comments?post=581"}],"version-history":[{"count":8,"href":"http:\/\/jlggb.net\/blog6\/wp-json\/wp\/v2\/posts\/581\/revisions"}],"predecessor-version":[{"id":591,"href":"http:\/\/jlggb.net\/blog6\/wp-json\/wp\/v2\/posts\/581\/revisions\/591"}],"wp:attachment":[{"href":"http:\/\/jlggb.net\/blog6\/wp-json\/wp\/v2\/media?parent=581"}],"wp:term":[{"taxonomy":"category","embeddable":true,"href":"http:\/\/jlggb.net\/blog6\/wp-json\/wp\/v2\/categories?post=581"},{"taxonomy":"post_tag","embeddable":true,"href":"http:\/\/jlggb.net\/blog6\/wp-json\/wp\/v2\/tags?post=581"}],"curies":[{"name":"wp","href":"https:\/\/api.w.org\/{rel}","templated":true}]}}