{"id":528,"date":"2018-03-05T23:36:48","date_gmt":"2018-03-05T22:36:48","guid":{"rendered":"http:\/\/jlggb.net\/blog6\/?p=528"},"modified":"2018-03-19T09:30:26","modified_gmt":"2018-03-19T08:30:26","slug":"photo-1-et-photo-2","status":"publish","type":"post","link":"http:\/\/jlggb.net\/blog6\/2018\/03\/05\/photo-1-et-photo-2\/","title":{"rendered":"Photo 1 et photo 2"},"content":{"rendered":"<p><a href=\"http:\/\/jlggb.net\/blog6\/wp-content\/uploads\/2018\/03\/ecole-st-laurent-1-1947-jlggb.jpg\" data-rel=\"lightbox-image-0\" data-imagelightbox=\"0\" data-rl_title=\"\" data-rl_caption=\"\" title=\"\"><img loading=\"lazy\" decoding=\"async\" src=\"http:\/\/jlggb.net\/blog6\/wp-content\/uploads\/2018\/03\/ecole-st-laurent-1-1947-jlggb.jpg\" class=\"alignnone size-full wp-image-532\" height=\"1600\" alt=\"\" width=\"2400\"><\/a><br \/>\n<a href=\"http:\/\/jlggb.net\/blog6\/wp-content\/uploads\/2018\/03\/ecole-st-laurent-2-1947-jlggb.jpg\" data-rel=\"lightbox-image-1\" data-imagelightbox=\"1\" data-rl_title=\"\" data-rl_caption=\"\" title=\"\"><img loading=\"lazy\" decoding=\"async\" src=\"http:\/\/jlggb.net\/blog6\/wp-content\/uploads\/2018\/03\/ecole-st-laurent-2-1947-jlggb.jpg\" class=\"alignnone wp-image-531 size-full\" height=\"1600\" alt=\"\" width=\"2400\" srcset=\"http:\/\/jlggb.net\/blog6\/wp-content\/uploads\/2018\/03\/ecole-st-laurent-2-1947-jlggb.jpg 2400w, http:\/\/jlggb.net\/blog6\/wp-content\/uploads\/2018\/03\/ecole-st-laurent-2-1947-jlggb-300x200.jpg 300w, http:\/\/jlggb.net\/blog6\/wp-content\/uploads\/2018\/03\/ecole-st-laurent-2-1947-jlggb-768x512.jpg 768w, http:\/\/jlggb.net\/blog6\/wp-content\/uploads\/2018\/03\/ecole-st-laurent-2-1947-jlggb-1024x683.jpg 1024w, http:\/\/jlggb.net\/blog6\/wp-content\/uploads\/2018\/03\/ecole-st-laurent-2-1947-jlggb-150x100.jpg 150w\" sizes=\"auto, (max-width: 2400px) 100vw, 2400px\" \/><\/a><br \/>\nLundi 5 mars 2018, 23h, 93bis. Des archives : deux photos successives, marqu\u00e9es 1 et 2, des deux classes de gar\u00e7ons r\u00e9unies de l&rsquo;\u00e9cole de Saint Laurent en Royans, Dr\u00f4me, prises au printemps 1947 par le photographe Studio Moderne Art Photo, E. Rebattet, Ch\u00e2teauneuf de Galaure, Dr\u00f4me. Ma m\u00e8re Emma et mon p\u00e8re \u00c9mile sont les instituteurs. Je figure l\u00e0 \u00e0 l&rsquo;\u00e2ge de deux ans. Longtemps, j&rsquo;ai trouv\u00e9 les visages s\u00e9v\u00e8res, mais la deuxi\u00e8me image, retrouv\u00e9e r\u00e9cemment, montre des sourires. Elle fait alors ressortir la premi\u00e8re comme plus s\u00e9rieuse, plus conforme \u00e0 ce que devait \u00eatre une photo de classe.<\/p>\n","protected":false},"excerpt":{"rendered":"<p>Lundi 5 mars 2018, 23h, 93bis. Des archives : deux photos successives, marqu\u00e9es 1 et 2, des deux classes de gar\u00e7ons r\u00e9unies de l&rsquo;\u00e9cole de Saint Laurent en Royans, Dr\u00f4me, prises au printemps 1947 par le photographe Studio Moderne Art Photo, E. Rebattet, Ch\u00e2teauneuf de Galaure, Dr\u00f4me. Ma m\u00e8re Emma et mon p\u00e8re \u00c9mile sont &hellip; <a href=\"http:\/\/jlggb.net\/blog6\/2018\/03\/05\/photo-1-et-photo-2\/\" class=\"more-link\">Continuer la lecture de <span class=\"screen-reader-text\">Photo 1 et photo 2<\/span><\/a><\/p>\n","protected":false},"author":1,"featured_media":0,"comment_status":"closed","ping_status":"closed","sticky":false,"template":"","format":"standard","meta":{"footnotes":""},"categories":[8,14],"tags":[131,130,61],"class_list":["post-528","post","type-post","status-publish","format-standard","hentry","category-memorisation","category-superposition","tag-131","tag-ecole","tag-photographie"],"_links":{"self":[{"href":"http:\/\/jlggb.net\/blog6\/wp-json\/wp\/v2\/posts\/528","targetHints":{"allow":["GET"]}}],"collection":[{"href":"http:\/\/jlggb.net\/blog6\/wp-json\/wp\/v2\/posts"}],"about":[{"href":"http:\/\/jlggb.net\/blog6\/wp-json\/wp\/v2\/types\/post"}],"author":[{"embeddable":true,"href":"http:\/\/jlggb.net\/blog6\/wp-json\/wp\/v2\/users\/1"}],"replies":[{"embeddable":true,"href":"http:\/\/jlggb.net\/blog6\/wp-json\/wp\/v2\/comments?post=528"}],"version-history":[{"count":7,"href":"http:\/\/jlggb.net\/blog6\/wp-json\/wp\/v2\/posts\/528\/revisions"}],"predecessor-version":[{"id":612,"href":"http:\/\/jlggb.net\/blog6\/wp-json\/wp\/v2\/posts\/528\/revisions\/612"}],"wp:attachment":[{"href":"http:\/\/jlggb.net\/blog6\/wp-json\/wp\/v2\/media?parent=528"}],"wp:term":[{"taxonomy":"category","embeddable":true,"href":"http:\/\/jlggb.net\/blog6\/wp-json\/wp\/v2\/categories?post=528"},{"taxonomy":"post_tag","embeddable":true,"href":"http:\/\/jlggb.net\/blog6\/wp-json\/wp\/v2\/tags?post=528"}],"curies":[{"name":"wp","href":"https:\/\/api.w.org\/{rel}","templated":true}]}}