{"id":454,"date":"2018-02-17T14:00:42","date_gmt":"2018-02-17T13:00:42","guid":{"rendered":"http:\/\/jlggb.net\/blog6\/?p=454"},"modified":"2020-10-16T16:29:35","modified_gmt":"2020-10-16T15:29:35","slug":"1984-lete-a-combe-laval","status":"publish","type":"post","link":"http:\/\/jlggb.net\/blog6\/2018\/02\/17\/1984-lete-a-combe-laval\/","title":{"rendered":"1984, l&rsquo;\u00e9t\u00e9 \u00e0 Combe Laval"},"content":{"rendered":"<p><a href=\"http:\/\/jlggb.net\/blog6\/wp-content\/uploads\/2018\/02\/albums-combe-laval-1984.jpg\" data-rel=\"lightbox-image-0\" data-imagelightbox=\"0\" data-rl_title=\"\" data-rl_caption=\"\" title=\"\"><img loading=\"lazy\" decoding=\"async\" src=\"http:\/\/jlggb.net\/blog6\/wp-content\/uploads\/2018\/02\/albums-combe-laval-1984.jpg\" class=\"alignnone wp-image-456 size-full\" height=\"1600\" alt=\"\" width=\"2400\" srcset=\"http:\/\/jlggb.net\/blog6\/wp-content\/uploads\/2018\/02\/albums-combe-laval-1984.jpg 2400w, http:\/\/jlggb.net\/blog6\/wp-content\/uploads\/2018\/02\/albums-combe-laval-1984-300x200.jpg 300w, http:\/\/jlggb.net\/blog6\/wp-content\/uploads\/2018\/02\/albums-combe-laval-1984-768x512.jpg 768w, http:\/\/jlggb.net\/blog6\/wp-content\/uploads\/2018\/02\/albums-combe-laval-1984-1024x683.jpg 1024w, http:\/\/jlggb.net\/blog6\/wp-content\/uploads\/2018\/02\/albums-combe-laval-1984-150x100.jpg 150w\" sizes=\"auto, (max-width: 2400px) 100vw, 2400px\" \/><\/a><br \/>\nSamedi 17 f\u00e9vrier 2018, 13h. Des albums, des souvenirs : \u00e9t\u00e9 1984, dans le pr\u00e9 au-dessus de la maison des Granges \u00e0 Combe Laval, cirque du Vercors, Saint Laurent en Royans, Dr\u00f4me. Photo par \u00c9mile.<\/p>\n","protected":false},"excerpt":{"rendered":"<p>Samedi 17 f\u00e9vrier 2018, 13h. Des albums, des souvenirs : \u00e9t\u00e9 1984, dans le pr\u00e9 au-dessus de la maison des Granges \u00e0 Combe Laval, cirque du Vercors, Saint Laurent en Royans, Dr\u00f4me. Photo par \u00c9mile.<\/p>\n","protected":false},"author":1,"featured_media":0,"comment_status":"closed","ping_status":"closed","sticky":false,"template":"","format":"standard","meta":{"footnotes":""},"categories":[2,8],"tags":[115,116,117],"class_list":["post-454","post","type-post","status-publish","format-standard","hentry","category-collection","category-memorisation","tag-combe-laval","tag-royans","tag-vercors"],"_links":{"self":[{"href":"http:\/\/jlggb.net\/blog6\/wp-json\/wp\/v2\/posts\/454","targetHints":{"allow":["GET"]}}],"collection":[{"href":"http:\/\/jlggb.net\/blog6\/wp-json\/wp\/v2\/posts"}],"about":[{"href":"http:\/\/jlggb.net\/blog6\/wp-json\/wp\/v2\/types\/post"}],"author":[{"embeddable":true,"href":"http:\/\/jlggb.net\/blog6\/wp-json\/wp\/v2\/users\/1"}],"replies":[{"embeddable":true,"href":"http:\/\/jlggb.net\/blog6\/wp-json\/wp\/v2\/comments?post=454"}],"version-history":[{"count":5,"href":"http:\/\/jlggb.net\/blog6\/wp-json\/wp\/v2\/posts\/454\/revisions"}],"predecessor-version":[{"id":4637,"href":"http:\/\/jlggb.net\/blog6\/wp-json\/wp\/v2\/posts\/454\/revisions\/4637"}],"wp:attachment":[{"href":"http:\/\/jlggb.net\/blog6\/wp-json\/wp\/v2\/media?parent=454"}],"wp:term":[{"taxonomy":"category","embeddable":true,"href":"http:\/\/jlggb.net\/blog6\/wp-json\/wp\/v2\/categories?post=454"},{"taxonomy":"post_tag","embeddable":true,"href":"http:\/\/jlggb.net\/blog6\/wp-json\/wp\/v2\/tags?post=454"}],"curies":[{"name":"wp","href":"https:\/\/api.w.org\/{rel}","templated":true}]}}