{"id":4430,"date":"2019-09-19T09:00:44","date_gmt":"2019-09-19T07:00:44","guid":{"rendered":"http:\/\/jlggb.net\/blog6\/?p=4430"},"modified":"2019-11-21T01:09:09","modified_gmt":"2019-11-21T00:09:09","slug":"plattenbau","status":"publish","type":"post","link":"http:\/\/jlggb.net\/blog6\/2019\/09\/19\/plattenbau\/","title":{"rendered":"Plattenbau"},"content":{"rendered":"<p><a href=\"http:\/\/jlggb.net\/blog6\/wp-content\/uploads\/2019\/11\/dessau-dalles-20190919-jlggb.jpg\" data-rel=\"lightbox-image-0\" data-imagelightbox=\"0\" data-rl_title=\"\" data-rl_caption=\"\" title=\"\"><img loading=\"lazy\" decoding=\"async\" src=\"http:\/\/jlggb.net\/blog6\/wp-content\/uploads\/2019\/11\/dessau-dalles-20190919-jlggb.jpg\" alt=\"\" width=\"640\" height=\"480\" class=\"alignnone size-full wp-image-4434\" \/><\/a><br \/>\nJeudi 19 septembre 2019, 9h, Antoinettenstra\u00dfe, Dessau. Dans ce qui peut \u00eatre vu comme le centre de Dessau, un immeuble du temps de la R\u00e9publique d\u00e9mocratique allemande. On apprend ici un mot, on aurait pu l&rsquo;entendre dans toute cette RDA \u2014 bien qu&rsquo;il e\u00fbt ses \u00e9quivalents dans bien des pays \u2014, c&rsquo;est : <em>Plattenbau<\/em>. La reconstruction en dalles de b\u00e9ton pr\u00e9fabriqu\u00e9es, solution technique mais aussi id\u00e9ologique, faisait face \u00e0 une irr\u00e9parable crise du logement, avec une dimension de modernisme et d&rsquo;animation de surfaces relevant du cin\u00e9tisme, mais avec aussi une m\u00e9diocrit\u00e9 se r\u00e9v\u00e9lant tr\u00e8s vite. Apr\u00e8s la r\u00e9unification de 1990, beaucoup de ces immeubles ont \u00e9t\u00e9 restaur\u00e9s et ici peints aux couleurs du Bauhaus, tourisme oblige.<\/p>\n","protected":false},"excerpt":{"rendered":"<p>Jeudi 19 septembre 2019, 9h, Antoinettenstra\u00dfe, Dessau. Dans ce qui peut \u00eatre vu comme le centre de Dessau, un immeuble du temps de la R\u00e9publique d\u00e9mocratique allemande. On apprend ici un mot, on aurait pu l&rsquo;entendre dans toute cette RDA \u2014 bien qu&rsquo;il e\u00fbt ses \u00e9quivalents dans bien des pays \u2014, c&rsquo;est : Plattenbau. La &hellip; <a href=\"http:\/\/jlggb.net\/blog6\/2019\/09\/19\/plattenbau\/\" class=\"more-link\">Continuer la lecture de <span class=\"screen-reader-text\">Plattenbau<\/span><\/a><\/p>\n","protected":false},"author":1,"featured_media":0,"comment_status":"closed","ping_status":"closed","sticky":false,"template":"","format":"standard","meta":{"footnotes":""},"categories":[5,8],"tags":[271,711,664,413],"class_list":["post-4430","post","type-post","status-publish","format-standard","hentry","category-construction","category-memorisation","tag-bauhaus","tag-construction","tag-dessau","tag-rda"],"_links":{"self":[{"href":"http:\/\/jlggb.net\/blog6\/wp-json\/wp\/v2\/posts\/4430","targetHints":{"allow":["GET"]}}],"collection":[{"href":"http:\/\/jlggb.net\/blog6\/wp-json\/wp\/v2\/posts"}],"about":[{"href":"http:\/\/jlggb.net\/blog6\/wp-json\/wp\/v2\/types\/post"}],"author":[{"embeddable":true,"href":"http:\/\/jlggb.net\/blog6\/wp-json\/wp\/v2\/users\/1"}],"replies":[{"embeddable":true,"href":"http:\/\/jlggb.net\/blog6\/wp-json\/wp\/v2\/comments?post=4430"}],"version-history":[{"count":11,"href":"http:\/\/jlggb.net\/blog6\/wp-json\/wp\/v2\/posts\/4430\/revisions"}],"predecessor-version":[{"id":4441,"href":"http:\/\/jlggb.net\/blog6\/wp-json\/wp\/v2\/posts\/4430\/revisions\/4441"}],"wp:attachment":[{"href":"http:\/\/jlggb.net\/blog6\/wp-json\/wp\/v2\/media?parent=4430"}],"wp:term":[{"taxonomy":"category","embeddable":true,"href":"http:\/\/jlggb.net\/blog6\/wp-json\/wp\/v2\/categories?post=4430"},{"taxonomy":"post_tag","embeddable":true,"href":"http:\/\/jlggb.net\/blog6\/wp-json\/wp\/v2\/tags?post=4430"}],"curies":[{"name":"wp","href":"https:\/\/api.w.org\/{rel}","templated":true}]}}