{"id":4022,"date":"2019-09-18T12:15:01","date_gmt":"2019-09-18T10:15:01","guid":{"rendered":"http:\/\/jlggb.net\/blog6\/?p=4022"},"modified":"2019-09-20T22:48:36","modified_gmt":"2019-09-20T20:48:36","slug":"au-cafe-du-bauhaus","status":"publish","type":"post","link":"http:\/\/jlggb.net\/blog6\/2019\/09\/18\/au-cafe-du-bauhaus\/","title":{"rendered":"Au creux du caf\u00e9 du Bauhaus"},"content":{"rendered":"<p><a href=\"http:\/\/jlggb.net\/blog6\/wp-content\/uploads\/2019\/09\/bauhaus-bistrot-vue-20190918-jlggb.jpg\" data-rel=\"lightbox-image-0\" data-imagelightbox=\"0\" data-rl_title=\"\" data-rl_caption=\"\" title=\"\"><img loading=\"lazy\" decoding=\"async\" src=\"http:\/\/jlggb.net\/blog6\/wp-content\/uploads\/2019\/09\/bauhaus-bistrot-vue-20190918-jlggb.jpg\" alt=\"\" width=\"640\" height=\"480\" class=\"alignnone size-full wp-image-4023\" srcset=\"http:\/\/jlggb.net\/blog6\/wp-content\/uploads\/2019\/09\/bauhaus-bistrot-vue-20190918-jlggb.jpg 2400w, http:\/\/jlggb.net\/blog6\/wp-content\/uploads\/2019\/09\/bauhaus-bistrot-vue-20190918-jlggb-300x225.jpg 300w, http:\/\/jlggb.net\/blog6\/wp-content\/uploads\/2019\/09\/bauhaus-bistrot-vue-20190918-jlggb-768x576.jpg 768w, http:\/\/jlggb.net\/blog6\/wp-content\/uploads\/2019\/09\/bauhaus-bistrot-vue-20190918-jlggb-1024x768.jpg 1024w, http:\/\/jlggb.net\/blog6\/wp-content\/uploads\/2019\/09\/bauhaus-bistrot-vue-20190918-jlggb-150x113.jpg 150w\" sizes=\"auto, (max-width: 640px) 100vw, 640px\" \/><\/a><br \/>\n<a href=\"http:\/\/jlggb.net\/blog6\/wp-content\/uploads\/2019\/09\/bauhaus-bistrot-tasses-20190918-jlggb.jpg\" data-rel=\"lightbox-image-1\" data-imagelightbox=\"1\" data-rl_title=\"\" data-rl_caption=\"\" title=\"\"><img loading=\"lazy\" decoding=\"async\" src=\"http:\/\/jlggb.net\/blog6\/wp-content\/uploads\/2019\/09\/bauhaus-bistrot-tasses-20190918-jlggb.jpg\" alt=\"\" width=\"640\" height=\"480\" class=\"alignnone size-full wp-image-4024\" srcset=\"http:\/\/jlggb.net\/blog6\/wp-content\/uploads\/2019\/09\/bauhaus-bistrot-tasses-20190918-jlggb.jpg 2400w, http:\/\/jlggb.net\/blog6\/wp-content\/uploads\/2019\/09\/bauhaus-bistrot-tasses-20190918-jlggb-300x225.jpg 300w, http:\/\/jlggb.net\/blog6\/wp-content\/uploads\/2019\/09\/bauhaus-bistrot-tasses-20190918-jlggb-768x576.jpg 768w, http:\/\/jlggb.net\/blog6\/wp-content\/uploads\/2019\/09\/bauhaus-bistrot-tasses-20190918-jlggb-1024x768.jpg 1024w, http:\/\/jlggb.net\/blog6\/wp-content\/uploads\/2019\/09\/bauhaus-bistrot-tasses-20190918-jlggb-150x113.jpg 150w\" sizes=\"auto, (max-width: 640px) 100vw, 640px\" \/><\/a><br \/>\nMercredi 18 septembre 2019, 12h15, Bauhaus, Dessau. Le b\u00e2timent central du Bauhaus de Dessau, Gropius, poss\u00e8de une grande salle meubl\u00e9e, accueillante, le caf\u00e9 bistrot au sous-sol. Un sentiment d&rsquo;intelligence concr\u00e8te de l&rsquo;espace s&rsquo;installe lorsque nous y prenons un caf\u00e9. Exactement \u00e0 mi-hauteur, le pr\u00e9 vert se dessine au niveau des baies m\u00e9talliques, au niveau de nos yeux, tandis que le creux du sol a son effet rassurant de stabilit\u00e9. Nous y reviendrons quatre fois.<\/p>\n","protected":false},"excerpt":{"rendered":"<p>Mercredi 18 septembre 2019, 12h15, Bauhaus, Dessau. Le b\u00e2timent central du Bauhaus de Dessau, Gropius, poss\u00e8de une grande salle meubl\u00e9e, accueillante, le caf\u00e9 bistrot au sous-sol. Un sentiment d&rsquo;intelligence concr\u00e8te de l&rsquo;espace s&rsquo;installe lorsque nous y prenons un caf\u00e9. Exactement \u00e0 mi-hauteur, le pr\u00e9 vert se dessine au niveau des baies m\u00e9talliques, au niveau de &hellip; <a href=\"http:\/\/jlggb.net\/blog6\/2019\/09\/18\/au-cafe-du-bauhaus\/\" class=\"more-link\">Continuer la lecture de <span class=\"screen-reader-text\">Au creux du caf\u00e9 du Bauhaus<\/span><\/a><\/p>\n","protected":false},"author":1,"featured_media":0,"comment_status":"closed","ping_status":"closed","sticky":false,"template":"","format":"standard","meta":{"footnotes":""},"categories":[5,11,6],"tags":[271,133,664],"class_list":["post-4022","post","type-post","status-publish","format-standard","hentry","category-construction","category-disposition","category-notation","tag-bauhaus","tag-cafe","tag-dessau"],"_links":{"self":[{"href":"http:\/\/jlggb.net\/blog6\/wp-json\/wp\/v2\/posts\/4022","targetHints":{"allow":["GET"]}}],"collection":[{"href":"http:\/\/jlggb.net\/blog6\/wp-json\/wp\/v2\/posts"}],"about":[{"href":"http:\/\/jlggb.net\/blog6\/wp-json\/wp\/v2\/types\/post"}],"author":[{"embeddable":true,"href":"http:\/\/jlggb.net\/blog6\/wp-json\/wp\/v2\/users\/1"}],"replies":[{"embeddable":true,"href":"http:\/\/jlggb.net\/blog6\/wp-json\/wp\/v2\/comments?post=4022"}],"version-history":[{"count":8,"href":"http:\/\/jlggb.net\/blog6\/wp-json\/wp\/v2\/posts\/4022\/revisions"}],"predecessor-version":[{"id":4032,"href":"http:\/\/jlggb.net\/blog6\/wp-json\/wp\/v2\/posts\/4022\/revisions\/4032"}],"wp:attachment":[{"href":"http:\/\/jlggb.net\/blog6\/wp-json\/wp\/v2\/media?parent=4022"}],"wp:term":[{"taxonomy":"category","embeddable":true,"href":"http:\/\/jlggb.net\/blog6\/wp-json\/wp\/v2\/categories?post=4022"},{"taxonomy":"post_tag","embeddable":true,"href":"http:\/\/jlggb.net\/blog6\/wp-json\/wp\/v2\/tags?post=4022"}],"curies":[{"name":"wp","href":"https:\/\/api.w.org\/{rel}","templated":true}]}}