{"id":4006,"date":"2019-08-28T10:49:45","date_gmt":"2019-08-28T08:49:45","guid":{"rendered":"http:\/\/jlggb.net\/blog6\/?p=4006"},"modified":"2020-01-02T00:03:45","modified_gmt":"2020-01-01T23:03:45","slug":"rue-vignier","status":"publish","type":"post","link":"http:\/\/jlggb.net\/blog6\/2019\/08\/28\/rue-vignier\/","title":{"rendered":"Impression conique"},"content":{"rendered":"<p><a href=\"http:\/\/jlggb.net\/blog6\/wp-content\/uploads\/2019\/09\/note-cafe-geneve-20190828-jlggb.jpg\" data-rel=\"lightbox-image-0\" data-imagelightbox=\"0\" data-rl_title=\"\" data-rl_caption=\"\" title=\"\"><img loading=\"lazy\" decoding=\"async\" class=\"alignnone size-full wp-image-4007\" src=\"http:\/\/jlggb.net\/blog6\/wp-content\/uploads\/2019\/09\/note-cafe-geneve-20190828-jlggb.jpg\" alt=\"\" width=\"640\" height=\"480\" srcset=\"http:\/\/jlggb.net\/blog6\/wp-content\/uploads\/2019\/09\/note-cafe-geneve-20190828-jlggb.jpg 2400w, http:\/\/jlggb.net\/blog6\/wp-content\/uploads\/2019\/09\/note-cafe-geneve-20190828-jlggb-300x225.jpg 300w, http:\/\/jlggb.net\/blog6\/wp-content\/uploads\/2019\/09\/note-cafe-geneve-20190828-jlggb-768x576.jpg 768w, http:\/\/jlggb.net\/blog6\/wp-content\/uploads\/2019\/09\/note-cafe-geneve-20190828-jlggb-1024x768.jpg 1024w, http:\/\/jlggb.net\/blog6\/wp-content\/uploads\/2019\/09\/note-cafe-geneve-20190828-jlggb-150x113.jpg 150w\" sizes=\"auto, (max-width: 640px) 100vw, 640px\" \/><\/a><br \/>\nMercredi 28 ao\u00fbt 2019, 10h49, rue Vignier, pr\u00e8s de Plainpalais, Gen\u00e8ve. La texture de la table permet d&rsquo;en lire la perspective, ou encore de saisir l&rsquo;espace horizontal dans ses distances. Le verre a la double qualit\u00e9 de sa transparence et de son c\u00f4ne, volume qui pointe. La note rappelle la puissance de l&rsquo;impression sans expression, du code partag\u00e9 par les chiffres et les lettres. Ainsi a lieu une transaction norm\u00e9e par une monnaie, le monument de nombres et de mots d&rsquo;un moment partag\u00e9.<\/p>\n","protected":false},"excerpt":{"rendered":"<p>Mercredi 28 ao\u00fbt 2019, 10h49, rue Vignier, pr\u00e8s de Plainpalais, Gen\u00e8ve. La texture de la table permet d&rsquo;en lire la perspective, ou encore de saisir l&rsquo;espace horizontal dans ses distances. Le verre a la double qualit\u00e9 de sa transparence et de son c\u00f4ne, volume qui pointe. La note rappelle la puissance de l&rsquo;impression sans expression, &hellip; <a href=\"http:\/\/jlggb.net\/blog6\/2019\/08\/28\/rue-vignier\/\" class=\"more-link\">Continuer la lecture de <span class=\"screen-reader-text\">Impression conique<\/span><\/a><\/p>\n","protected":false},"author":1,"featured_media":0,"comment_status":"closed","ping_status":"closed","sticky":false,"template":"","format":"standard","meta":{"footnotes":""},"categories":[604,7,6],"tags":[133,661,221],"class_list":["post-4006","post","type-post","status-publish","format-standard","hentry","category-actualisation","category-enonciation","category-notation","tag-cafe","tag-note","tag-verre"],"_links":{"self":[{"href":"http:\/\/jlggb.net\/blog6\/wp-json\/wp\/v2\/posts\/4006","targetHints":{"allow":["GET"]}}],"collection":[{"href":"http:\/\/jlggb.net\/blog6\/wp-json\/wp\/v2\/posts"}],"about":[{"href":"http:\/\/jlggb.net\/blog6\/wp-json\/wp\/v2\/types\/post"}],"author":[{"embeddable":true,"href":"http:\/\/jlggb.net\/blog6\/wp-json\/wp\/v2\/users\/1"}],"replies":[{"embeddable":true,"href":"http:\/\/jlggb.net\/blog6\/wp-json\/wp\/v2\/comments?post=4006"}],"version-history":[{"count":11,"href":"http:\/\/jlggb.net\/blog6\/wp-json\/wp\/v2\/posts\/4006\/revisions"}],"predecessor-version":[{"id":4532,"href":"http:\/\/jlggb.net\/blog6\/wp-json\/wp\/v2\/posts\/4006\/revisions\/4532"}],"wp:attachment":[{"href":"http:\/\/jlggb.net\/blog6\/wp-json\/wp\/v2\/media?parent=4006"}],"wp:term":[{"taxonomy":"category","embeddable":true,"href":"http:\/\/jlggb.net\/blog6\/wp-json\/wp\/v2\/categories?post=4006"},{"taxonomy":"post_tag","embeddable":true,"href":"http:\/\/jlggb.net\/blog6\/wp-json\/wp\/v2\/tags?post=4006"}],"curies":[{"name":"wp","href":"https:\/\/api.w.org\/{rel}","templated":true}]}}