{"id":3945,"date":"2019-08-31T13:20:31","date_gmt":"2019-08-31T11:20:31","guid":{"rendered":"http:\/\/jlggb.net\/blog6\/?p=3945"},"modified":"2019-09-09T00:52:52","modified_gmt":"2019-09-08T22:52:52","slug":"un-pot-de-dieulefit","status":"publish","type":"post","link":"http:\/\/jlggb.net\/blog6\/2019\/08\/31\/un-pot-de-dieulefit\/","title":{"rendered":"Un pot de Dieulefit"},"content":{"rendered":"<p><a href=\"http:\/\/jlggb.net\/blog6\/wp-content\/uploads\/2019\/08\/dieulefit-pot-20190831-jlggb.jpg\" data-rel=\"lightbox-image-0\" data-imagelightbox=\"0\" data-rl_title=\"\" data-rl_caption=\"\" title=\"\"><img loading=\"lazy\" decoding=\"async\" class=\"alignnone wp-image-3981\" src=\"http:\/\/jlggb.net\/blog6\/wp-content\/uploads\/2019\/08\/dieulefit-pot-20190831-jlggb.jpg\" alt=\"\" width=\"640\" height=\"480\" srcset=\"http:\/\/jlggb.net\/blog6\/wp-content\/uploads\/2019\/08\/dieulefit-pot-20190831-jlggb.jpg 2400w, http:\/\/jlggb.net\/blog6\/wp-content\/uploads\/2019\/08\/dieulefit-pot-20190831-jlggb-300x225.jpg 300w, http:\/\/jlggb.net\/blog6\/wp-content\/uploads\/2019\/08\/dieulefit-pot-20190831-jlggb-768x576.jpg 768w, http:\/\/jlggb.net\/blog6\/wp-content\/uploads\/2019\/08\/dieulefit-pot-20190831-jlggb-1024x768.jpg 1024w, http:\/\/jlggb.net\/blog6\/wp-content\/uploads\/2019\/08\/dieulefit-pot-20190831-jlggb-150x113.jpg 150w\" sizes=\"auto, (max-width: 640px) 100vw, 640px\" \/><\/a><br \/>\nSamedi 31 ao\u00fbt 2019, 13h, maison de la c\u00e9ramique du Pays de Dieulefit, Dr\u00f4me. Nouvelle visite du mus\u00e9e avec un int\u00e9r\u00eat renforc\u00e9 pour les <em>pots \u00e0 conserve<\/em>, en troncs de c\u00f4nes, de Dieulefit, celui-ci, le plus petit, du XIXe si\u00e8cle probablement, qui peut entrer dans l&rsquo;Atlas du gobelet.<\/p>\n","protected":false},"excerpt":{"rendered":"<p>Samedi 31 ao\u00fbt 2019, 13h, maison de la c\u00e9ramique du Pays de Dieulefit, Dr\u00f4me. Nouvelle visite du mus\u00e9e avec un int\u00e9r\u00eat renforc\u00e9 pour les pots \u00e0 conserve, en troncs de c\u00f4nes, de Dieulefit, celui-ci, le plus petit, du XIXe si\u00e8cle probablement, qui peut entrer dans l&rsquo;Atlas du gobelet.<\/p>\n","protected":false},"author":1,"featured_media":0,"comment_status":"closed","ping_status":"closed","sticky":false,"template":"","format":"standard","meta":{"footnotes":""},"categories":[2,12],"tags":[29,227],"class_list":["post-3945","post","type-post","status-publish","format-standard","hentry","category-collection","category-objectivation","tag-ceramique","tag-gobelet"],"_links":{"self":[{"href":"http:\/\/jlggb.net\/blog6\/wp-json\/wp\/v2\/posts\/3945","targetHints":{"allow":["GET"]}}],"collection":[{"href":"http:\/\/jlggb.net\/blog6\/wp-json\/wp\/v2\/posts"}],"about":[{"href":"http:\/\/jlggb.net\/blog6\/wp-json\/wp\/v2\/types\/post"}],"author":[{"embeddable":true,"href":"http:\/\/jlggb.net\/blog6\/wp-json\/wp\/v2\/users\/1"}],"replies":[{"embeddable":true,"href":"http:\/\/jlggb.net\/blog6\/wp-json\/wp\/v2\/comments?post=3945"}],"version-history":[{"count":4,"href":"http:\/\/jlggb.net\/blog6\/wp-json\/wp\/v2\/posts\/3945\/revisions"}],"predecessor-version":[{"id":3982,"href":"http:\/\/jlggb.net\/blog6\/wp-json\/wp\/v2\/posts\/3945\/revisions\/3982"}],"wp:attachment":[{"href":"http:\/\/jlggb.net\/blog6\/wp-json\/wp\/v2\/media?parent=3945"}],"wp:term":[{"taxonomy":"category","embeddable":true,"href":"http:\/\/jlggb.net\/blog6\/wp-json\/wp\/v2\/categories?post=3945"},{"taxonomy":"post_tag","embeddable":true,"href":"http:\/\/jlggb.net\/blog6\/wp-json\/wp\/v2\/tags?post=3945"}],"curies":[{"name":"wp","href":"https:\/\/api.w.org\/{rel}","templated":true}]}}