{"id":3804,"date":"2019-07-29T16:00:48","date_gmt":"2019-07-29T14:00:48","guid":{"rendered":"http:\/\/jlggb.net\/blog6\/?p=3804"},"modified":"2019-08-19T11:28:19","modified_gmt":"2019-08-19T09:28:19","slug":"des-couleurs-nationales","status":"publish","type":"post","link":"http:\/\/jlggb.net\/blog6\/2019\/07\/29\/des-couleurs-nationales\/","title":{"rendered":"Drapeau"},"content":{"rendered":"<p><a href=\"http:\/\/jlggb.net\/blog6\/wp-content\/uploads\/2019\/08\/lausanne-bcge-granito-20190729-jlggb.jpg\" data-rel=\"lightbox-image-0\" data-imagelightbox=\"0\" data-rl_title=\"\" data-rl_caption=\"\" title=\"\"><img loading=\"lazy\" decoding=\"async\" src=\"http:\/\/jlggb.net\/blog6\/wp-content\/uploads\/2019\/08\/lausanne-bcge-granito-20190729-jlggb.jpg\" class=\"alignnone size-full wp-image-3805\" alt=\"\" width=\"640\" height=\"480\"><\/a><br \/>\nLundi 29 juillet, 16h, Avenue de la gare, Lausanne. \u00c0 la veille de la f\u00eate nationale, le canton de Vaud d\u00e9ploie ses couleurs : blanc coup\u00e9 de vert. Mais, pour entrer dans la banque qui m&rsquo;int\u00e9resse, je marche sur un granito d&rsquo;or et de rouge, les couleurs du canton de Gen\u00e8ve.<\/p>\n","protected":false},"excerpt":{"rendered":"<p>Lundi 29 juillet, 16h, Avenue de la gare, Lausanne. \u00c0 la veille de la f\u00eate nationale, le canton de Vaud d\u00e9ploie ses couleurs : blanc coup\u00e9 de vert. Mais, pour entrer dans la banque qui m&rsquo;int\u00e9resse, je marche sur un granito d&rsquo;or et de rouge, les couleurs du canton de Gen\u00e8ve.<\/p>\n","protected":false},"author":1,"featured_media":0,"comment_status":"closed","ping_status":"closed","sticky":false,"template":"","format":"standard","meta":{"footnotes":""},"categories":[94,16],"tags":[332,177,629],"class_list":["post-3804","post","type-post","status-publish","format-standard","hentry","category-figuration","category-transposition","tag-couleur","tag-geneve","tag-vaud"],"_links":{"self":[{"href":"http:\/\/jlggb.net\/blog6\/wp-json\/wp\/v2\/posts\/3804","targetHints":{"allow":["GET"]}}],"collection":[{"href":"http:\/\/jlggb.net\/blog6\/wp-json\/wp\/v2\/posts"}],"about":[{"href":"http:\/\/jlggb.net\/blog6\/wp-json\/wp\/v2\/types\/post"}],"author":[{"embeddable":true,"href":"http:\/\/jlggb.net\/blog6\/wp-json\/wp\/v2\/users\/1"}],"replies":[{"embeddable":true,"href":"http:\/\/jlggb.net\/blog6\/wp-json\/wp\/v2\/comments?post=3804"}],"version-history":[{"count":6,"href":"http:\/\/jlggb.net\/blog6\/wp-json\/wp\/v2\/posts\/3804\/revisions"}],"predecessor-version":[{"id":3852,"href":"http:\/\/jlggb.net\/blog6\/wp-json\/wp\/v2\/posts\/3804\/revisions\/3852"}],"wp:attachment":[{"href":"http:\/\/jlggb.net\/blog6\/wp-json\/wp\/v2\/media?parent=3804"}],"wp:term":[{"taxonomy":"category","embeddable":true,"href":"http:\/\/jlggb.net\/blog6\/wp-json\/wp\/v2\/categories?post=3804"},{"taxonomy":"post_tag","embeddable":true,"href":"http:\/\/jlggb.net\/blog6\/wp-json\/wp\/v2\/tags?post=3804"}],"curies":[{"name":"wp","href":"https:\/\/api.w.org\/{rel}","templated":true}]}}