{"id":3783,"date":"2019-07-29T18:00:15","date_gmt":"2019-07-29T16:00:15","guid":{"rendered":"http:\/\/jlggb.net\/blog6\/?p=3783"},"modified":"2019-08-18T01:25:47","modified_gmt":"2019-08-17T23:25:47","slug":"une-terre-a-lire","status":"publish","type":"post","link":"http:\/\/jlggb.net\/blog6\/2019\/07\/29\/une-terre-a-lire\/","title":{"rendered":"Une pente \u00e0 lire"},"content":{"rendered":"<p><a href=\"http:\/\/jlggb.net\/blog6\/wp-content\/uploads\/2019\/07\/valency-chemin-20190729-jlggb.jpg\" data-rel=\"lightbox-image-0\" data-imagelightbox=\"0\" data-rl_title=\"\" data-rl_caption=\"\" title=\"\"><img loading=\"lazy\" decoding=\"async\" src=\"http:\/\/jlggb.net\/blog6\/wp-content\/uploads\/2019\/07\/valency-chemin-20190729-jlggb.jpg\" alt=\"\" width=\"640\" height=\"480\" class=\"alignnone size-full wp-image-3793\" srcset=\"http:\/\/jlggb.net\/blog6\/wp-content\/uploads\/2019\/07\/valency-chemin-20190729-jlggb.jpg 2400w, http:\/\/jlggb.net\/blog6\/wp-content\/uploads\/2019\/07\/valency-chemin-20190729-jlggb-300x225.jpg 300w, http:\/\/jlggb.net\/blog6\/wp-content\/uploads\/2019\/07\/valency-chemin-20190729-jlggb-768x576.jpg 768w, http:\/\/jlggb.net\/blog6\/wp-content\/uploads\/2019\/07\/valency-chemin-20190729-jlggb-1024x768.jpg 1024w, http:\/\/jlggb.net\/blog6\/wp-content\/uploads\/2019\/07\/valency-chemin-20190729-jlggb-150x113.jpg 150w\" sizes=\"auto, (max-width: 640px) 100vw, 640px\" \/><\/a><br \/>\n<a href=\"http:\/\/jlggb.net\/blog6\/wp-content\/uploads\/2019\/08\/valency-terre-20190729-jlggb.jpg\" data-rel=\"lightbox-image-1\" data-imagelightbox=\"1\" data-rl_title=\"\" data-rl_caption=\"\" title=\"\"><img loading=\"lazy\" decoding=\"async\" class=\"alignnone wp-image-3784\" src=\"http:\/\/jlggb.net\/blog6\/wp-content\/uploads\/2019\/08\/valency-terre-20190729-jlggb.jpg\" alt=\"\" width=\"640\" height=\"480\" srcset=\"http:\/\/jlggb.net\/blog6\/wp-content\/uploads\/2019\/08\/valency-terre-20190729-jlggb.jpg 2400w, http:\/\/jlggb.net\/blog6\/wp-content\/uploads\/2019\/08\/valency-terre-20190729-jlggb-300x225.jpg 300w, http:\/\/jlggb.net\/blog6\/wp-content\/uploads\/2019\/08\/valency-terre-20190729-jlggb-768x576.jpg 768w, http:\/\/jlggb.net\/blog6\/wp-content\/uploads\/2019\/08\/valency-terre-20190729-jlggb-1024x768.jpg 1024w, http:\/\/jlggb.net\/blog6\/wp-content\/uploads\/2019\/08\/valency-terre-20190729-jlggb-150x113.jpg 150w\" sizes=\"auto, (max-width: 640px) 100vw, 640px\" \/><\/a><br \/>\n<a href=\"http:\/\/jlggb.net\/blog6\/wp-content\/uploads\/2019\/08\/valency-pente-20190729-jlggb.jpg\" data-rel=\"lightbox-image-2\" data-imagelightbox=\"2\" data-rl_title=\"\" data-rl_caption=\"\" title=\"\"><img loading=\"lazy\" decoding=\"async\" class=\"alignnone wp-image-3785\" src=\"http:\/\/jlggb.net\/blog6\/wp-content\/uploads\/2019\/08\/valency-pente-20190729-jlggb.jpg\" alt=\"\" width=\"640\" height=\"480\" srcset=\"http:\/\/jlggb.net\/blog6\/wp-content\/uploads\/2019\/08\/valency-pente-20190729-jlggb.jpg 2400w, http:\/\/jlggb.net\/blog6\/wp-content\/uploads\/2019\/08\/valency-pente-20190729-jlggb-300x225.jpg 300w, http:\/\/jlggb.net\/blog6\/wp-content\/uploads\/2019\/08\/valency-pente-20190729-jlggb-768x576.jpg 768w, http:\/\/jlggb.net\/blog6\/wp-content\/uploads\/2019\/08\/valency-pente-20190729-jlggb-1024x768.jpg 1024w, http:\/\/jlggb.net\/blog6\/wp-content\/uploads\/2019\/08\/valency-pente-20190729-jlggb-150x113.jpg 150w\" sizes=\"auto, (max-width: 640px) 100vw, 640px\" \/><\/a><br \/>\nLundi 29 juillet 2019, 18h, Lausanne, parc de Valency. Au d\u00e9but d&rsquo;un itin\u00e9raire d&rsquo;\u0153uvres jardins d&rsquo;ouest en est de la ville, \u00ab L&rsquo;Incise \u00bb est \u00e0 la fois une entaille dans la terre, une inscription dans un espace, une phrase dans une histoire g\u00e9ologique et sociale, l&rsquo;endroit d&rsquo;un moment. <\/p>\n","protected":false},"excerpt":{"rendered":"<p>Lundi 29 juillet 2019, 18h, Lausanne, parc de Valency. Au d\u00e9but d&rsquo;un itin\u00e9raire d&rsquo;\u0153uvres jardins d&rsquo;ouest en est de la ville, \u00ab L&rsquo;Incise \u00bb est \u00e0 la fois une entaille dans la terre, une inscription dans un espace, une phrase dans une histoire g\u00e9ologique et sociale, l&rsquo;endroit d&rsquo;un moment.<\/p>\n","protected":false},"author":1,"featured_media":0,"comment_status":"closed","ping_status":"closed","sticky":false,"template":"","format":"standard","meta":{"footnotes":""},"categories":[9,11,16],"tags":[625,624,250,138],"class_list":["post-3783","post","type-post","status-publish","format-standard","hentry","category-bifurcation","category-disposition","category-transposition","tag-lausanne-jardins","tag-parc","tag-plantes","tag-terre"],"_links":{"self":[{"href":"http:\/\/jlggb.net\/blog6\/wp-json\/wp\/v2\/posts\/3783","targetHints":{"allow":["GET"]}}],"collection":[{"href":"http:\/\/jlggb.net\/blog6\/wp-json\/wp\/v2\/posts"}],"about":[{"href":"http:\/\/jlggb.net\/blog6\/wp-json\/wp\/v2\/types\/post"}],"author":[{"embeddable":true,"href":"http:\/\/jlggb.net\/blog6\/wp-json\/wp\/v2\/users\/1"}],"replies":[{"embeddable":true,"href":"http:\/\/jlggb.net\/blog6\/wp-json\/wp\/v2\/comments?post=3783"}],"version-history":[{"count":11,"href":"http:\/\/jlggb.net\/blog6\/wp-json\/wp\/v2\/posts\/3783\/revisions"}],"predecessor-version":[{"id":3798,"href":"http:\/\/jlggb.net\/blog6\/wp-json\/wp\/v2\/posts\/3783\/revisions\/3798"}],"wp:attachment":[{"href":"http:\/\/jlggb.net\/blog6\/wp-json\/wp\/v2\/media?parent=3783"}],"wp:term":[{"taxonomy":"category","embeddable":true,"href":"http:\/\/jlggb.net\/blog6\/wp-json\/wp\/v2\/categories?post=3783"},{"taxonomy":"post_tag","embeddable":true,"href":"http:\/\/jlggb.net\/blog6\/wp-json\/wp\/v2\/tags?post=3783"}],"curies":[{"name":"wp","href":"https:\/\/api.w.org\/{rel}","templated":true}]}}