{"id":3745,"date":"2019-08-16T14:00:07","date_gmt":"2019-08-16T12:00:07","guid":{"rendered":"http:\/\/jlggb.net\/blog6\/?p=3745"},"modified":"2022-07-24T20:07:13","modified_gmt":"2022-07-24T19:07:13","slug":"ready-made-2","status":"publish","type":"post","link":"http:\/\/jlggb.net\/blog6\/2019\/08\/16\/ready-made-2\/","title":{"rendered":"Du Ready-made au Super Normal"},"content":{"rendered":"<p><a href=\"http:\/\/jlggb.net\/blog6\/wp-content\/uploads\/2019\/08\/bhv-cutlery-tray-jm-20190816-jlggb.jpg\" data-rel=\"lightbox-image-0\" data-imagelightbox=\"0\" data-rl_title=\"\" data-rl_caption=\"\" title=\"\"><img loading=\"lazy\" decoding=\"async\" class=\"alignnone size-full wp-image-3746\" src=\"http:\/\/jlggb.net\/blog6\/wp-content\/uploads\/2019\/08\/bhv-cutlery-tray-jm-20190816-jlggb.jpg\" alt=\"\" width=\"640\" height=\"480\" \/><\/a><br \/>\nVendredi 16 ao\u00fbt 2019, 14 h, Bazar de l&rsquo;H\u00f4tel de ville, Paris. Au sous-sol, avant la sortie vers le m\u00e9tro, on a vu longtemps les porte-bouteilles que Marcel Duchamp avait d\u00e9sign\u00e9s comme \u0153uvres ready-made. Aujourd&rsquo;hui, au m\u00eame endroit, un objet en pile s&rsquo;impose au <em>regardeur<\/em> : le <em>cutlery tray<\/em> nomm\u00e9 ABC con\u00e7u par Jasper Morrison pour Magis, Italie, en 1996. \u00c0 placer sur Instagram o\u00f9 l&rsquo;on est abonn\u00e9 \u00e0 ce ma\u00eetre du <em>Super Normal<\/em> \u2014 l&rsquo;exposition Morrison et Fukasawa \u00e0 Milan en 2007 \u2014, dont cet objet est le num\u00e9ro 167, non pas bleu mais translucide. Bleu allusion \u00e0 Klein ? Voir 10 juillet 2008 <a href=\"http:\/\/jlggb.net\/blog\/?p=433\" target=\"_blank\" rel=\"noopener noreferrer\">http:\/\/jlggb.net\/blog\/?p=433<\/a><\/p>\n","protected":false},"excerpt":{"rendered":"<p>Vendredi 16 ao\u00fbt 2019, 14 h, Bazar de l&rsquo;H\u00f4tel de ville, Paris. Au sous-sol, avant la sortie vers le m\u00e9tro, on a vu longtemps les porte-bouteilles que Marcel Duchamp avait d\u00e9sign\u00e9s comme \u0153uvres ready-made. Aujourd&rsquo;hui, au m\u00eame endroit, un objet en pile s&rsquo;impose au regardeur : le cutlery tray nomm\u00e9 ABC con\u00e7u par Jasper Morrison &hellip; <a href=\"http:\/\/jlggb.net\/blog6\/2019\/08\/16\/ready-made-2\/\" class=\"more-link\">Continuer la lecture de <span class=\"screen-reader-text\">Du Ready-made au Super Normal<\/span><\/a><\/p>\n","protected":false},"author":1,"featured_media":0,"comment_status":"closed","ping_status":"closed","sticky":false,"template":"","format":"standard","meta":{"footnotes":""},"categories":[604,6],"tags":[619,191,618],"class_list":["post-3745","post","type-post","status-publish","format-standard","hentry","category-actualisation","category-notation","tag-jasper-morrison","tag-marcel-duchamp","tag-ready-made"],"_links":{"self":[{"href":"http:\/\/jlggb.net\/blog6\/wp-json\/wp\/v2\/posts\/3745","targetHints":{"allow":["GET"]}}],"collection":[{"href":"http:\/\/jlggb.net\/blog6\/wp-json\/wp\/v2\/posts"}],"about":[{"href":"http:\/\/jlggb.net\/blog6\/wp-json\/wp\/v2\/types\/post"}],"author":[{"embeddable":true,"href":"http:\/\/jlggb.net\/blog6\/wp-json\/wp\/v2\/users\/1"}],"replies":[{"embeddable":true,"href":"http:\/\/jlggb.net\/blog6\/wp-json\/wp\/v2\/comments?post=3745"}],"version-history":[{"count":17,"href":"http:\/\/jlggb.net\/blog6\/wp-json\/wp\/v2\/posts\/3745\/revisions"}],"predecessor-version":[{"id":4703,"href":"http:\/\/jlggb.net\/blog6\/wp-json\/wp\/v2\/posts\/3745\/revisions\/4703"}],"wp:attachment":[{"href":"http:\/\/jlggb.net\/blog6\/wp-json\/wp\/v2\/media?parent=3745"}],"wp:term":[{"taxonomy":"category","embeddable":true,"href":"http:\/\/jlggb.net\/blog6\/wp-json\/wp\/v2\/categories?post=3745"},{"taxonomy":"post_tag","embeddable":true,"href":"http:\/\/jlggb.net\/blog6\/wp-json\/wp\/v2\/tags?post=3745"}],"curies":[{"name":"wp","href":"https:\/\/api.w.org\/{rel}","templated":true}]}}