{"id":3723,"date":"2019-08-07T18:00:49","date_gmt":"2019-08-07T16:00:49","guid":{"rendered":"http:\/\/jlggb.net\/blog6\/?p=3723"},"modified":"2020-09-29T11:37:31","modified_gmt":"2020-09-29T10:37:31","slug":"une-pause","status":"publish","type":"post","link":"http:\/\/jlggb.net\/blog6\/2019\/08\/07\/une-pause\/","title":{"rendered":"Une forme de pause"},"content":{"rendered":"<p><a href=\"http:\/\/jlggb.net\/blog6\/wp-content\/uploads\/2019\/08\/carouge-cafe-20190807-jlggb.jpg\" data-rel=\"lightbox-image-0\" data-imagelightbox=\"0\" data-rl_title=\"\" data-rl_caption=\"\" title=\"\"><img loading=\"lazy\" decoding=\"async\" class=\"alignnone size-full wp-image-3724\" src=\"http:\/\/jlggb.net\/blog6\/wp-content\/uploads\/2019\/08\/carouge-cafe-20190807-jlggb.jpg\" alt=\"\" width=\"640\" height=\"480\" srcset=\"http:\/\/jlggb.net\/blog6\/wp-content\/uploads\/2019\/08\/carouge-cafe-20190807-jlggb.jpg 2400w, http:\/\/jlggb.net\/blog6\/wp-content\/uploads\/2019\/08\/carouge-cafe-20190807-jlggb-300x225.jpg 300w, http:\/\/jlggb.net\/blog6\/wp-content\/uploads\/2019\/08\/carouge-cafe-20190807-jlggb-768x576.jpg 768w, http:\/\/jlggb.net\/blog6\/wp-content\/uploads\/2019\/08\/carouge-cafe-20190807-jlggb-1024x768.jpg 1024w, http:\/\/jlggb.net\/blog6\/wp-content\/uploads\/2019\/08\/carouge-cafe-20190807-jlggb-150x113.jpg 150w\" sizes=\"auto, (max-width: 640px) 100vw, 640px\" \/><\/a><br \/>\nMercredi 7 ao\u00fbt, 18h, rue du Coll\u00e8ge, Carouge. Le Caf\u00e9 de la poste est pour moi un monument de ce qu&rsquo;a pu \u00eatre le mod\u00e8le genevois \u2014 et vaudois \u2014, avec ses meubles francs et modestes, son assortiment de bois ocre et vein\u00e9s, sa sym\u00e9trie, propres \u00e0 une convivialit\u00e9 locale.<\/p>\n","protected":false},"excerpt":{"rendered":"<p>Mercredi 7 ao\u00fbt, 18h, rue du Coll\u00e8ge, Carouge. Le Caf\u00e9 de la poste est pour moi un monument de ce qu&rsquo;a pu \u00eatre le mod\u00e8le genevois \u2014 et vaudois \u2014, avec ses meubles francs et modestes, son assortiment de bois ocre et vein\u00e9s, sa sym\u00e9trie, propres \u00e0 une convivialit\u00e9 locale.<\/p>\n","protected":false},"author":1,"featured_media":0,"comment_status":"closed","ping_status":"closed","sticky":false,"template":"","format":"standard","meta":{"footnotes":""},"categories":[11,12],"tags":[133,177,142,720],"class_list":["post-3723","post","type-post","status-publish","format-standard","hentry","category-disposition","category-objectivation","tag-cafe","tag-geneve","tag-meuble","tag-symetrie"],"_links":{"self":[{"href":"http:\/\/jlggb.net\/blog6\/wp-json\/wp\/v2\/posts\/3723","targetHints":{"allow":["GET"]}}],"collection":[{"href":"http:\/\/jlggb.net\/blog6\/wp-json\/wp\/v2\/posts"}],"about":[{"href":"http:\/\/jlggb.net\/blog6\/wp-json\/wp\/v2\/types\/post"}],"author":[{"embeddable":true,"href":"http:\/\/jlggb.net\/blog6\/wp-json\/wp\/v2\/users\/1"}],"replies":[{"embeddable":true,"href":"http:\/\/jlggb.net\/blog6\/wp-json\/wp\/v2\/comments?post=3723"}],"version-history":[{"count":8,"href":"http:\/\/jlggb.net\/blog6\/wp-json\/wp\/v2\/posts\/3723\/revisions"}],"predecessor-version":[{"id":4619,"href":"http:\/\/jlggb.net\/blog6\/wp-json\/wp\/v2\/posts\/3723\/revisions\/4619"}],"wp:attachment":[{"href":"http:\/\/jlggb.net\/blog6\/wp-json\/wp\/v2\/media?parent=3723"}],"wp:term":[{"taxonomy":"category","embeddable":true,"href":"http:\/\/jlggb.net\/blog6\/wp-json\/wp\/v2\/categories?post=3723"},{"taxonomy":"post_tag","embeddable":true,"href":"http:\/\/jlggb.net\/blog6\/wp-json\/wp\/v2\/tags?post=3723"}],"curies":[{"name":"wp","href":"https:\/\/api.w.org\/{rel}","templated":true}]}}