{"id":3620,"date":"2019-07-15T19:00:01","date_gmt":"2019-07-15T17:00:01","guid":{"rendered":"http:\/\/jlggb.net\/blog6\/?p=3620"},"modified":"2020-10-16T20:35:33","modified_gmt":"2020-10-16T19:35:33","slug":"prehistoire","status":"publish","type":"post","link":"http:\/\/jlggb.net\/blog6\/2019\/07\/15\/prehistoire\/","title":{"rendered":"La pr\u00e9histoire n&rsquo;a pas de fin"},"content":{"rendered":"<p><a href=\"http:\/\/jlggb.net\/blog6\/wp-content\/uploads\/2019\/07\/galet-les-eyzies-20190715-jlggb.jpg\" data-rel=\"lightbox-image-0\" data-imagelightbox=\"0\" data-rl_title=\"\" data-rl_caption=\"\" title=\"\"><img loading=\"lazy\" decoding=\"async\" class=\"alignnone wp-image-3622\" src=\"http:\/\/jlggb.net\/blog6\/wp-content\/uploads\/2019\/07\/galet-les-eyzies-20190715-jlggb.jpg\" alt=\"\" width=\"640\" height=\"480\" srcset=\"http:\/\/jlggb.net\/blog6\/wp-content\/uploads\/2019\/07\/galet-les-eyzies-20190715-jlggb.jpg 2400w, http:\/\/jlggb.net\/blog6\/wp-content\/uploads\/2019\/07\/galet-les-eyzies-20190715-jlggb-300x225.jpg 300w, http:\/\/jlggb.net\/blog6\/wp-content\/uploads\/2019\/07\/galet-les-eyzies-20190715-jlggb-768x576.jpg 768w, http:\/\/jlggb.net\/blog6\/wp-content\/uploads\/2019\/07\/galet-les-eyzies-20190715-jlggb-1024x768.jpg 1024w, http:\/\/jlggb.net\/blog6\/wp-content\/uploads\/2019\/07\/galet-les-eyzies-20190715-jlggb-150x113.jpg 150w\" sizes=\"auto, (max-width: 640px) 100vw, 640px\" \/><\/a><br \/>\n<a href=\"http:\/\/jlggb.net\/blog6\/wp-content\/uploads\/2019\/07\/chaneac-20190715-jlggb.jpg\" data-rel=\"lightbox-image-1\" data-imagelightbox=\"1\" data-rl_title=\"\" data-rl_caption=\"\" title=\"\"><img loading=\"lazy\" decoding=\"async\" class=\"alignnone wp-image-3621\" src=\"http:\/\/jlggb.net\/blog6\/wp-content\/uploads\/2019\/07\/chaneac-20190715-jlggb.jpg\" alt=\"\" width=\"640\" height=\"480\" srcset=\"http:\/\/jlggb.net\/blog6\/wp-content\/uploads\/2019\/07\/chaneac-20190715-jlggb.jpg 2400w, http:\/\/jlggb.net\/blog6\/wp-content\/uploads\/2019\/07\/chaneac-20190715-jlggb-300x225.jpg 300w, http:\/\/jlggb.net\/blog6\/wp-content\/uploads\/2019\/07\/chaneac-20190715-jlggb-768x576.jpg 768w, http:\/\/jlggb.net\/blog6\/wp-content\/uploads\/2019\/07\/chaneac-20190715-jlggb-1024x768.jpg 1024w, http:\/\/jlggb.net\/blog6\/wp-content\/uploads\/2019\/07\/chaneac-20190715-jlggb-150x113.jpg 150w\" sizes=\"auto, (max-width: 640px) 100vw, 640px\" \/><\/a><br \/>\nLundi 15 juillet 2019, 19h \u2014 20h, Mus\u00e9e national d&rsquo;art moderne, Centre Pompidou. Exposition <em>Pr\u00e9histoire. Une \u00e9nigme moderne<\/em>, <em>Galet grav\u00e9 de traits obliques et perpendiculaires<\/em>, abri de Laugerie-Basse, Les Eyzies-de-Tayac, Dordogne, \u00e9poque protomagdal\u00e9nienne (vers \u2014 22 000 \u00e0 \u2014 20 000 ans), d\u00e9couvert par Denis Peyrony, 1921-1935. Jean-Louis Chan\u00e9ac, <em>Architecture industrialis\u00e9e po\u00e9tis\u00e9es + Architecture m\u00e9galithique<\/em>, 1964-1965, dessin sur papier-calque, Fond r\u00e9gional d&rsquo;art contemporain Centre-Val de Loire.<\/p>\n<p style=\"text-align: center;\">Visite avec Maria Stavrinaki, 14 mn<\/p>\n<p style=\"text-align: center;\"><iframe loading=\"lazy\" src=\"https:\/\/www.youtube.com\/embed\/LZuunOFpUgY\" width=\"281\" height=\"158\" frameborder=\"0\" allowfullscreen=\"allowfullscreen\"><\/iframe><\/p>\n","protected":false},"excerpt":{"rendered":"<p>Lundi 15 juillet 2019, 19h \u2014 20h, Mus\u00e9e national d&rsquo;art moderne, Centre Pompidou. Exposition Pr\u00e9histoire. Une \u00e9nigme moderne, Galet grav\u00e9 de traits obliques et perpendiculaires, abri de Laugerie-Basse, Les Eyzies-de-Tayac, Dordogne, \u00e9poque protomagdal\u00e9nienne (vers \u2014 22 000 \u00e0 \u2014 20 000 ans), d\u00e9couvert par Denis Peyrony, 1921-1935. Jean-Louis Chan\u00e9ac, Architecture industrialis\u00e9e po\u00e9tis\u00e9es + Architecture m\u00e9galithique, &hellip; <a href=\"http:\/\/jlggb.net\/blog6\/2019\/07\/15\/prehistoire\/\" class=\"more-link\">Continuer la lecture de <span class=\"screen-reader-text\">La pr\u00e9histoire n&rsquo;a pas de fin<\/span><\/a><\/p>\n","protected":false},"author":1,"featured_media":0,"comment_status":"closed","ping_status":"closed","sticky":false,"template":"","format":"standard","meta":{"footnotes":""},"categories":[2,4],"tags":[609,606],"class_list":["post-3620","post","type-post","status-publish","format-standard","hentry","category-collection","category-observation","tag-arts","tag-pompidou"],"_links":{"self":[{"href":"http:\/\/jlggb.net\/blog6\/wp-json\/wp\/v2\/posts\/3620","targetHints":{"allow":["GET"]}}],"collection":[{"href":"http:\/\/jlggb.net\/blog6\/wp-json\/wp\/v2\/posts"}],"about":[{"href":"http:\/\/jlggb.net\/blog6\/wp-json\/wp\/v2\/types\/post"}],"author":[{"embeddable":true,"href":"http:\/\/jlggb.net\/blog6\/wp-json\/wp\/v2\/users\/1"}],"replies":[{"embeddable":true,"href":"http:\/\/jlggb.net\/blog6\/wp-json\/wp\/v2\/comments?post=3620"}],"version-history":[{"count":27,"href":"http:\/\/jlggb.net\/blog6\/wp-json\/wp\/v2\/posts\/3620\/revisions"}],"predecessor-version":[{"id":4671,"href":"http:\/\/jlggb.net\/blog6\/wp-json\/wp\/v2\/posts\/3620\/revisions\/4671"}],"wp:attachment":[{"href":"http:\/\/jlggb.net\/blog6\/wp-json\/wp\/v2\/media?parent=3620"}],"wp:term":[{"taxonomy":"category","embeddable":true,"href":"http:\/\/jlggb.net\/blog6\/wp-json\/wp\/v2\/categories?post=3620"},{"taxonomy":"post_tag","embeddable":true,"href":"http:\/\/jlggb.net\/blog6\/wp-json\/wp\/v2\/tags?post=3620"}],"curies":[{"name":"wp","href":"https:\/\/api.w.org\/{rel}","templated":true}]}}