{"id":3599,"date":"2019-07-22T12:00:15","date_gmt":"2019-07-22T10:00:15","guid":{"rendered":"http:\/\/jlggb.net\/blog6\/?p=3599"},"modified":"2020-10-16T20:37:03","modified_gmt":"2020-10-16T19:37:03","slug":"deux-tombeaux","status":"publish","type":"post","link":"http:\/\/jlggb.net\/blog6\/2019\/07\/22\/deux-tombeaux\/","title":{"rendered":"Deux tombeaux"},"content":{"rendered":"<p><a href=\"http:\/\/jlggb.net\/blog6\/wp-content\/uploads\/2019\/07\/gericault-lachaise-20190722-jlggb.jpg\" data-rel=\"lightbox-image-0\" data-imagelightbox=\"0\" data-rl_title=\"\" data-rl_caption=\"\" title=\"\"><img loading=\"lazy\" decoding=\"async\" src=\"http:\/\/jlggb.net\/blog6\/wp-content\/uploads\/2019\/07\/gericault-lachaise-20190722-jlggb.jpg\" class=\"alignnone size-full wp-image-3601\" alt=\"\" width=\"640\" height=\"480\" srcset=\"http:\/\/jlggb.net\/blog6\/wp-content\/uploads\/2019\/07\/gericault-lachaise-20190722-jlggb.jpg 2400w, http:\/\/jlggb.net\/blog6\/wp-content\/uploads\/2019\/07\/gericault-lachaise-20190722-jlggb-300x225.jpg 300w, http:\/\/jlggb.net\/blog6\/wp-content\/uploads\/2019\/07\/gericault-lachaise-20190722-jlggb-768x576.jpg 768w, http:\/\/jlggb.net\/blog6\/wp-content\/uploads\/2019\/07\/gericault-lachaise-20190722-jlggb-1024x768.jpg 1024w, http:\/\/jlggb.net\/blog6\/wp-content\/uploads\/2019\/07\/gericault-lachaise-20190722-jlggb-150x113.jpg 150w\" sizes=\"auto, (max-width: 640px) 100vw, 640px\" \/><\/a><br \/>\n<a href=\"http:\/\/jlggb.net\/blog6\/wp-content\/uploads\/2019\/07\/autre-lachaise-20190722-jlggb.jpg\" data-rel=\"lightbox-image-1\" data-imagelightbox=\"1\" data-rl_title=\"\" data-rl_caption=\"\" title=\"\"><img loading=\"lazy\" decoding=\"async\" src=\"http:\/\/jlggb.net\/blog6\/wp-content\/uploads\/2019\/07\/autre-lachaise-20190722-jlggb.jpg\" class=\"alignnone size-full wp-image-3600\" alt=\"\" width=\"640\" height=\"480\" srcset=\"http:\/\/jlggb.net\/blog6\/wp-content\/uploads\/2019\/07\/autre-lachaise-20190722-jlggb.jpg 2400w, http:\/\/jlggb.net\/blog6\/wp-content\/uploads\/2019\/07\/autre-lachaise-20190722-jlggb-300x225.jpg 300w, http:\/\/jlggb.net\/blog6\/wp-content\/uploads\/2019\/07\/autre-lachaise-20190722-jlggb-768x576.jpg 768w, http:\/\/jlggb.net\/blog6\/wp-content\/uploads\/2019\/07\/autre-lachaise-20190722-jlggb-1024x768.jpg 1024w, http:\/\/jlggb.net\/blog6\/wp-content\/uploads\/2019\/07\/autre-lachaise-20190722-jlggb-150x113.jpg 150w\" sizes=\"auto, (max-width: 640px) 100vw, 640px\" \/><\/a><br \/>\nLundi 22 juillet 2019, 12h, cimeti\u00e8re du P\u00e8re Lachaise, Paris. Le monument du tombeau de Th\u00e9odore G\u00e9ricault a connu plusieurs \u00e9tats. Le peintre est mort \u00e0 32 ans, il est enterr\u00e9 en pleine terre sans aucune inscription jusqu\u2019en 1841. C&rsquo;est alors que le peintre et sculpteur n\u00e9oclassique et plut\u00f4t officiel Antoine Etex tente d&rsquo;organiser un concours pour un monument qu&rsquo;il va finalement produire lui-m\u00eame. Mais, en 1846, le marbre se d\u00e9t\u00e9riore, le tombeau est d\u00e9plac\u00e9 \u00e0 Rouen. Etex se voit contraint de faire une autre sculpture. En 1883, le fils que G\u00e9ricault avait eu de sa tante Alexandrine, Georges-Hippolyte, meurt et laisse un testament qui demande et permet la r\u00e9fection du monument initial, mais en bronze, surcharg\u00e9 des peintures en bas-reliefs et d&rsquo;une balustrade. <em>Le Radeau de La M\u00e9duse<\/em>, de 1819, figure d&rsquo;un G\u00e9ricault \u00ab&nbsp;extr\u00eame en tout \u00bb (Delacroix), figure du romantisme mais aussi du r\u00e9alisme, figure de l&rsquo;agonie, conna\u00eet aujourd&rsquo;hui, sur la tombe voisine, sa version minimaliste.<\/p>\n","protected":false},"excerpt":{"rendered":"<p>Lundi 22 juillet 2019, 12h, cimeti\u00e8re du P\u00e8re Lachaise, Paris. Le monument du tombeau de Th\u00e9odore G\u00e9ricault a connu plusieurs \u00e9tats. Le peintre est mort \u00e0 32 ans, il est enterr\u00e9 en pleine terre sans aucune inscription jusqu\u2019en 1841. C&rsquo;est alors que le peintre et sculpteur n\u00e9oclassique et plut\u00f4t officiel Antoine Etex tente d&rsquo;organiser un &hellip; <a href=\"http:\/\/jlggb.net\/blog6\/2019\/07\/22\/deux-tombeaux\/\" class=\"more-link\">Continuer la lecture de <span class=\"screen-reader-text\">Deux tombeaux<\/span><\/a><\/p>\n","protected":false},"author":1,"featured_media":0,"comment_status":"closed","ping_status":"closed","sticky":false,"template":"","format":"standard","meta":{"footnotes":""},"categories":[604,4,14],"tags":[269,607,608],"class_list":["post-3599","post","type-post","status-publish","format-standard","hentry","category-actualisation","category-observation","category-superposition","tag-cimetiere","tag-pere-lachaise","tag-theodore-gericault"],"_links":{"self":[{"href":"http:\/\/jlggb.net\/blog6\/wp-json\/wp\/v2\/posts\/3599","targetHints":{"allow":["GET"]}}],"collection":[{"href":"http:\/\/jlggb.net\/blog6\/wp-json\/wp\/v2\/posts"}],"about":[{"href":"http:\/\/jlggb.net\/blog6\/wp-json\/wp\/v2\/types\/post"}],"author":[{"embeddable":true,"href":"http:\/\/jlggb.net\/blog6\/wp-json\/wp\/v2\/users\/1"}],"replies":[{"embeddable":true,"href":"http:\/\/jlggb.net\/blog6\/wp-json\/wp\/v2\/comments?post=3599"}],"version-history":[{"count":10,"href":"http:\/\/jlggb.net\/blog6\/wp-json\/wp\/v2\/posts\/3599\/revisions"}],"predecessor-version":[{"id":4672,"href":"http:\/\/jlggb.net\/blog6\/wp-json\/wp\/v2\/posts\/3599\/revisions\/4672"}],"wp:attachment":[{"href":"http:\/\/jlggb.net\/blog6\/wp-json\/wp\/v2\/media?parent=3599"}],"wp:term":[{"taxonomy":"category","embeddable":true,"href":"http:\/\/jlggb.net\/blog6\/wp-json\/wp\/v2\/categories?post=3599"},{"taxonomy":"post_tag","embeddable":true,"href":"http:\/\/jlggb.net\/blog6\/wp-json\/wp\/v2\/tags?post=3599"}],"curies":[{"name":"wp","href":"https:\/\/api.w.org\/{rel}","templated":true}]}}