{"id":3591,"date":"2019-07-15T20:05:11","date_gmt":"2019-07-15T18:05:11","guid":{"rendered":"http:\/\/jlggb.net\/blog6\/?p=3591"},"modified":"2019-07-21T17:54:15","modified_gmt":"2019-07-21T15:54:15","slug":"soleil-de-cimaise","status":"publish","type":"post","link":"http:\/\/jlggb.net\/blog6\/2019\/07\/15\/soleil-de-cimaise\/","title":{"rendered":"Soleil de cimaise"},"content":{"rendered":"<p><a href=\"http:\/\/jlggb.net\/blog6\/wp-content\/uploads\/2019\/07\/pompidou-maar-20190715-jlggb.jpg\" data-rel=\"lightbox-image-0\" data-imagelightbox=\"0\" data-rl_title=\"\" data-rl_caption=\"\" title=\"\"><img loading=\"lazy\" decoding=\"async\" class=\"alignnone wp-image-3592\" src=\"http:\/\/jlggb.net\/blog6\/wp-content\/uploads\/2019\/07\/pompidou-maar-20190715-jlggb.jpg\" alt=\"\" width=\"640\" height=\"480\" srcset=\"http:\/\/jlggb.net\/blog6\/wp-content\/uploads\/2019\/07\/pompidou-maar-20190715-jlggb.jpg 2400w, http:\/\/jlggb.net\/blog6\/wp-content\/uploads\/2019\/07\/pompidou-maar-20190715-jlggb-300x225.jpg 300w, http:\/\/jlggb.net\/blog6\/wp-content\/uploads\/2019\/07\/pompidou-maar-20190715-jlggb-768x576.jpg 768w, http:\/\/jlggb.net\/blog6\/wp-content\/uploads\/2019\/07\/pompidou-maar-20190715-jlggb-1024x768.jpg 1024w, http:\/\/jlggb.net\/blog6\/wp-content\/uploads\/2019\/07\/pompidou-maar-20190715-jlggb-150x113.jpg 150w\" sizes=\"auto, (max-width: 640px) 100vw, 640px\" \/><\/a><br \/>\nLundi 15 juillet 2019, 20h05, Mus\u00e9e national d&rsquo;art moderne, Centre Pompidou. L&rsquo;exposition <em>Dora Maar<\/em> r\u00e9v\u00e8le tant d&rsquo;aspects inconnus de son \u0153uvre, de sa vie. L&rsquo;espace d&rsquo;un instant, le soleil se pose au sommet de la cimaise d\u00e9nomm\u00e9e \u00ab engagements \u00bb.<\/p>\n","protected":false},"excerpt":{"rendered":"<p>Lundi 15 juillet 2019, 20h05, Mus\u00e9e national d&rsquo;art moderne, Centre Pompidou. L&rsquo;exposition Dora Maar r\u00e9v\u00e8le tant d&rsquo;aspects inconnus de son \u0153uvre, de sa vie. L&rsquo;espace d&rsquo;un instant, le soleil se pose au sommet de la cimaise d\u00e9nomm\u00e9e \u00ab engagements \u00bb.<\/p>\n","protected":false},"author":1,"featured_media":0,"comment_status":"closed","ping_status":"closed","sticky":false,"template":"","format":"standard","meta":{"footnotes":""},"categories":[604,2,11],"tags":[605,606,85],"class_list":["post-3591","post","type-post","status-publish","format-standard","hentry","category-actualisation","category-collection","category-disposition","tag-dora-maar","tag-pompidou","tag-soleil"],"_links":{"self":[{"href":"http:\/\/jlggb.net\/blog6\/wp-json\/wp\/v2\/posts\/3591","targetHints":{"allow":["GET"]}}],"collection":[{"href":"http:\/\/jlggb.net\/blog6\/wp-json\/wp\/v2\/posts"}],"about":[{"href":"http:\/\/jlggb.net\/blog6\/wp-json\/wp\/v2\/types\/post"}],"author":[{"embeddable":true,"href":"http:\/\/jlggb.net\/blog6\/wp-json\/wp\/v2\/users\/1"}],"replies":[{"embeddable":true,"href":"http:\/\/jlggb.net\/blog6\/wp-json\/wp\/v2\/comments?post=3591"}],"version-history":[{"count":5,"href":"http:\/\/jlggb.net\/blog6\/wp-json\/wp\/v2\/posts\/3591\/revisions"}],"predecessor-version":[{"id":3597,"href":"http:\/\/jlggb.net\/blog6\/wp-json\/wp\/v2\/posts\/3591\/revisions\/3597"}],"wp:attachment":[{"href":"http:\/\/jlggb.net\/blog6\/wp-json\/wp\/v2\/media?parent=3591"}],"wp:term":[{"taxonomy":"category","embeddable":true,"href":"http:\/\/jlggb.net\/blog6\/wp-json\/wp\/v2\/categories?post=3591"},{"taxonomy":"post_tag","embeddable":true,"href":"http:\/\/jlggb.net\/blog6\/wp-json\/wp\/v2\/tags?post=3591"}],"curies":[{"name":"wp","href":"https:\/\/api.w.org\/{rel}","templated":true}]}}