{"id":358,"date":"2018-02-05T12:00:56","date_gmt":"2018-02-05T11:00:56","guid":{"rendered":"http:\/\/jlggb.net\/blog6\/?p=358"},"modified":"2018-02-05T14:48:49","modified_gmt":"2018-02-05T13:48:49","slug":"bobine-paillard-bolex","status":"publish","type":"post","link":"http:\/\/jlggb.net\/blog6\/2018\/02\/05\/bobine-paillard-bolex\/","title":{"rendered":"Bobine Paillard Bolex"},"content":{"rendered":"<p><a href=\"http:\/\/jlggb.net\/blog6\/wp-content\/uploads\/2018\/02\/bobine-paillard-bejart-1968-20180205.jpg\" data-rel=\"lightbox-image-0\" data-imagelightbox=\"0\" data-rl_title=\"\" data-rl_caption=\"\" title=\"\"><img loading=\"lazy\" decoding=\"async\" class=\"alignnone size-full wp-image-359\" src=\"http:\/\/jlggb.net\/blog6\/wp-content\/uploads\/2018\/02\/bobine-paillard-bejart-1968-20180205.jpg\" alt=\"\" width=\"640\" height=\"480\" srcset=\"http:\/\/jlggb.net\/blog6\/wp-content\/uploads\/2018\/02\/bobine-paillard-bejart-1968-20180205.jpg 2000w, http:\/\/jlggb.net\/blog6\/wp-content\/uploads\/2018\/02\/bobine-paillard-bejart-1968-20180205-300x225.jpg 300w, http:\/\/jlggb.net\/blog6\/wp-content\/uploads\/2018\/02\/bobine-paillard-bejart-1968-20180205-768x576.jpg 768w, http:\/\/jlggb.net\/blog6\/wp-content\/uploads\/2018\/02\/bobine-paillard-bejart-1968-20180205-1024x768.jpg 1024w, http:\/\/jlggb.net\/blog6\/wp-content\/uploads\/2018\/02\/bobine-paillard-bejart-1968-20180205-150x113.jpg 150w\" sizes=\"auto, (max-width: 640px) 100vw, 640px\" \/><\/a><br \/>\nLundi 5 f\u00e9vrier 2018, 12h30, 93bis. Si cette bobine marqu\u00e9e Paillard Bolex se trouve porter une pellicule, c&rsquo;est qu&rsquo;elle fut la premi\u00e8re tourn\u00e9e dans la tr\u00e8s belle cam\u00e9ra Paillard Bolex H16, \u00e9lectrique, avec un pilote pour le son synchrone, avec un zoom Ang\u00e9nieux, de la Maison de la Culture de Grenoble. Le 9 f\u00e9vrier 1968, dans le Th\u00e9\u00e2tre mobile, je filme avec elle quatre bobines de 30 m\u00e8tres de film Ilford HPS, la plus haute sensibilit\u00e9 disponible, pour la premi\u00e8re du ballet de B\u00e9jart <em>Baudelaire<\/em>. Ces 10 minutes de n\u00e9gatifs d\u00e9velopp\u00e9es ne seront jamais d\u00e9roul\u00e9es, jamais vues. Cinquante ans apr\u00e8s, elles sont en cours de num\u00e9risation. On les d\u00e9couvrira dans quelques jours.<\/p>\n","protected":false},"excerpt":{"rendered":"<p>Lundi 5 f\u00e9vrier 2018, 12h30, 93bis. Si cette bobine marqu\u00e9e Paillard Bolex se trouve porter une pellicule, c&rsquo;est qu&rsquo;elle fut la premi\u00e8re tourn\u00e9e dans la tr\u00e8s belle cam\u00e9ra Paillard Bolex H16, \u00e9lectrique, avec un pilote pour le son synchrone, avec un zoom Ang\u00e9nieux, de la Maison de la Culture de Grenoble. Le 9 f\u00e9vrier 1968, &hellip; <a href=\"http:\/\/jlggb.net\/blog6\/2018\/02\/05\/bobine-paillard-bolex\/\" class=\"more-link\">Continuer la lecture de <span class=\"screen-reader-text\">Bobine Paillard Bolex<\/span><\/a><\/p>\n","protected":false},"author":1,"featured_media":0,"comment_status":"closed","ping_status":"closed","sticky":false,"template":"","format":"standard","meta":{"footnotes":""},"categories":[2,8],"tags":[69,98,99,101],"class_list":["post-358","post","type-post","status-publish","format-standard","hentry","category-collection","category-memorisation","tag-50-ans","tag-bejart","tag-paillard-bolex","tag-pellicule"],"_links":{"self":[{"href":"http:\/\/jlggb.net\/blog6\/wp-json\/wp\/v2\/posts\/358","targetHints":{"allow":["GET"]}}],"collection":[{"href":"http:\/\/jlggb.net\/blog6\/wp-json\/wp\/v2\/posts"}],"about":[{"href":"http:\/\/jlggb.net\/blog6\/wp-json\/wp\/v2\/types\/post"}],"author":[{"embeddable":true,"href":"http:\/\/jlggb.net\/blog6\/wp-json\/wp\/v2\/users\/1"}],"replies":[{"embeddable":true,"href":"http:\/\/jlggb.net\/blog6\/wp-json\/wp\/v2\/comments?post=358"}],"version-history":[{"count":4,"href":"http:\/\/jlggb.net\/blog6\/wp-json\/wp\/v2\/posts\/358\/revisions"}],"predecessor-version":[{"id":364,"href":"http:\/\/jlggb.net\/blog6\/wp-json\/wp\/v2\/posts\/358\/revisions\/364"}],"wp:attachment":[{"href":"http:\/\/jlggb.net\/blog6\/wp-json\/wp\/v2\/media?parent=358"}],"wp:term":[{"taxonomy":"category","embeddable":true,"href":"http:\/\/jlggb.net\/blog6\/wp-json\/wp\/v2\/categories?post=358"},{"taxonomy":"post_tag","embeddable":true,"href":"http:\/\/jlggb.net\/blog6\/wp-json\/wp\/v2\/tags?post=358"}],"curies":[{"name":"wp","href":"https:\/\/api.w.org\/{rel}","templated":true}]}}