{"id":3567,"date":"2019-07-17T16:00:23","date_gmt":"2019-07-17T14:00:23","guid":{"rendered":"http:\/\/jlggb.net\/blog6\/?p=3567"},"modified":"2019-09-06T23:41:00","modified_gmt":"2019-09-06T21:41:00","slug":"instagram-de-teheran","status":"publish","type":"post","link":"http:\/\/jlggb.net\/blog6\/2019\/07\/17\/instagram-de-teheran\/","title":{"rendered":"Instagram de T\u00e9h\u00e9ran"},"content":{"rendered":"<p><a href=\"http:\/\/jlggb.net\/blog6\/wp-content\/uploads\/2019\/07\/branly-carreau-iran-instagram.jpg\" data-rel=\"lightbox-image-0\" data-imagelightbox=\"0\" data-rl_title=\"\" data-rl_caption=\"\" title=\"\"><img loading=\"lazy\" decoding=\"async\" class=\"alignnone wp-image-3568\" src=\"http:\/\/jlggb.net\/blog6\/wp-content\/uploads\/2019\/07\/branly-carreau-iran-instagram.jpg\" alt=\"\" width=\"640\" height=\"640\" \/><\/a><br \/>\nMercredi 17 juillet 2019, photo du 31 mai, 18h50, mus\u00e9e de quai Branly. <em>Diablesses<\/em>, carreau de rev\u00eatement illustrant le <em>Livre des Merveilles de Qazwini<\/em> [<em>Kit\u0101b \u2018Aj\u0101\u2019ib al-makhl\u016bq\u0101t wa-ghar\u0101\u2019ib al-mawj\u016bd\u0101t<\/em>, <em>Les merveilles de la cr\u00e9ation<\/em>, ou litt\u00e9ralement, <em>Les merveilles des choses cr\u00e9\u00e9es et les curiosit\u00e9s des choses existantes<\/em>],\u00a0c\u00e9ramique moul\u00e9e et peinte sous gla\u00e7ure, d&rsquo;environ 27 cm de c\u00f4t\u00e9, 19e si\u00e8cle, d\u00e9couverte \u00e0 T\u00e9h\u00e9ran. [de la s\u00e9rie de reproductions d&rsquo;\u0153uvres carr\u00e9es pour Instagram]<\/p>\n","protected":false},"excerpt":{"rendered":"<p>Mercredi 17 juillet 2019, photo du 31 mai, 18h50, mus\u00e9e de quai Branly. Diablesses, carreau de rev\u00eatement illustrant le Livre des Merveilles de Qazwini [Kit\u0101b \u2018Aj\u0101\u2019ib al-makhl\u016bq\u0101t wa-ghar\u0101\u2019ib al-mawj\u016bd\u0101t, Les merveilles de la cr\u00e9ation, ou litt\u00e9ralement, Les merveilles des choses cr\u00e9\u00e9es et les curiosit\u00e9s des choses existantes],\u00a0c\u00e9ramique moul\u00e9e et peinte sous gla\u00e7ure, d&rsquo;environ 27 cm &hellip; <a href=\"http:\/\/jlggb.net\/blog6\/2019\/07\/17\/instagram-de-teheran\/\" class=\"more-link\">Continuer la lecture de <span class=\"screen-reader-text\">Instagram de T\u00e9h\u00e9ran<\/span><\/a><\/p>\n","protected":false},"author":1,"featured_media":0,"comment_status":"closed","ping_status":"closed","sticky":false,"template":"","format":"standard","meta":{"footnotes":""},"categories":[2,7,16],"tags":[29,593,566,601],"class_list":["post-3567","post","type-post","status-publish","format-standard","hentry","category-collection","category-enonciation","category-transposition","tag-ceramique","tag-instagram","tag-quai-branly","tag-teheran"],"_links":{"self":[{"href":"http:\/\/jlggb.net\/blog6\/wp-json\/wp\/v2\/posts\/3567","targetHints":{"allow":["GET"]}}],"collection":[{"href":"http:\/\/jlggb.net\/blog6\/wp-json\/wp\/v2\/posts"}],"about":[{"href":"http:\/\/jlggb.net\/blog6\/wp-json\/wp\/v2\/types\/post"}],"author":[{"embeddable":true,"href":"http:\/\/jlggb.net\/blog6\/wp-json\/wp\/v2\/users\/1"}],"replies":[{"embeddable":true,"href":"http:\/\/jlggb.net\/blog6\/wp-json\/wp\/v2\/comments?post=3567"}],"version-history":[{"count":9,"href":"http:\/\/jlggb.net\/blog6\/wp-json\/wp\/v2\/posts\/3567\/revisions"}],"predecessor-version":[{"id":3939,"href":"http:\/\/jlggb.net\/blog6\/wp-json\/wp\/v2\/posts\/3567\/revisions\/3939"}],"wp:attachment":[{"href":"http:\/\/jlggb.net\/blog6\/wp-json\/wp\/v2\/media?parent=3567"}],"wp:term":[{"taxonomy":"category","embeddable":true,"href":"http:\/\/jlggb.net\/blog6\/wp-json\/wp\/v2\/categories?post=3567"},{"taxonomy":"post_tag","embeddable":true,"href":"http:\/\/jlggb.net\/blog6\/wp-json\/wp\/v2\/tags?post=3567"}],"curies":[{"name":"wp","href":"https:\/\/api.w.org\/{rel}","templated":true}]}}