{"id":3512,"date":"2019-07-12T17:00:46","date_gmt":"2019-07-12T15:00:46","guid":{"rendered":"http:\/\/jlggb.net\/blog6\/?p=3512"},"modified":"2019-07-17T02:25:20","modified_gmt":"2019-07-17T00:25:20","slug":"carpeaux","status":"publish","type":"post","link":"http:\/\/jlggb.net\/blog6\/2019\/07\/12\/carpeaux\/","title":{"rendered":"Jean-Baptiste Carpeaux"},"content":{"rendered":"<p><a href=\"http:\/\/jlggb.net\/blog6\/wp-content\/uploads\/2019\/07\/orsay-carpeaux-20190712-new-jlggb.jpg\" data-rel=\"lightbox-image-0\" data-imagelightbox=\"0\" data-rl_title=\"\" data-rl_caption=\"\" title=\"\"><img loading=\"lazy\" decoding=\"async\" src=\"http:\/\/jlggb.net\/blog6\/wp-content\/uploads\/2019\/07\/orsay-carpeaux-20190712-new-jlggb.jpg\" alt=\"\" width=\"640\" height=\"480\" class=\"alignnone size-full wp-image-3563\" srcset=\"http:\/\/jlggb.net\/blog6\/wp-content\/uploads\/2019\/07\/orsay-carpeaux-20190712-new-jlggb.jpg 2400w, http:\/\/jlggb.net\/blog6\/wp-content\/uploads\/2019\/07\/orsay-carpeaux-20190712-new-jlggb-300x225.jpg 300w, http:\/\/jlggb.net\/blog6\/wp-content\/uploads\/2019\/07\/orsay-carpeaux-20190712-new-jlggb-768x576.jpg 768w, http:\/\/jlggb.net\/blog6\/wp-content\/uploads\/2019\/07\/orsay-carpeaux-20190712-new-jlggb-1024x768.jpg 1024w, http:\/\/jlggb.net\/blog6\/wp-content\/uploads\/2019\/07\/orsay-carpeaux-20190712-new-jlggb-150x113.jpg 150w\" sizes=\"auto, (max-width: 640px) 100vw, 640px\" \/><\/a><br \/>\nVendredi 12 juillet 2019, 17h, Mus\u00e9e d&rsquo;Orsay. Jean-Baptiste Carpeaux, <em>Pourquoi na\u00eetre esclave ?<\/em>, d&rsquo;apr\u00e8s le buste en marbre pr\u00e9sent\u00e9 au Salon de 1869 sous le titre <em>N\u00e9gresse<\/em>, exposition <em>Le Mod\u00e8le Noir de G\u00e9ricault \u00e0 Matisse<\/em>.<\/p>\n","protected":false},"excerpt":{"rendered":"<p>Vendredi 12 juillet 2019, 17h, Mus\u00e9e d&rsquo;Orsay. Jean-Baptiste Carpeaux, Pourquoi na\u00eetre esclave ?, d&rsquo;apr\u00e8s le buste en marbre pr\u00e9sent\u00e9 au Salon de 1869 sous le titre N\u00e9gresse, exposition Le Mod\u00e8le Noir de G\u00e9ricault \u00e0 Matisse.<\/p>\n","protected":false},"author":1,"featured_media":0,"comment_status":"closed","ping_status":"closed","sticky":false,"template":"","format":"standard","meta":{"footnotes":""},"categories":[2,7],"tags":[590,591,282],"class_list":["post-3512","post","type-post","status-publish","format-standard","hentry","category-collection","category-enonciation","tag-jean-baptiste-carpeaux","tag-orsay","tag-sculpture"],"_links":{"self":[{"href":"http:\/\/jlggb.net\/blog6\/wp-json\/wp\/v2\/posts\/3512","targetHints":{"allow":["GET"]}}],"collection":[{"href":"http:\/\/jlggb.net\/blog6\/wp-json\/wp\/v2\/posts"}],"about":[{"href":"http:\/\/jlggb.net\/blog6\/wp-json\/wp\/v2\/types\/post"}],"author":[{"embeddable":true,"href":"http:\/\/jlggb.net\/blog6\/wp-json\/wp\/v2\/users\/1"}],"replies":[{"embeddable":true,"href":"http:\/\/jlggb.net\/blog6\/wp-json\/wp\/v2\/comments?post=3512"}],"version-history":[{"count":10,"href":"http:\/\/jlggb.net\/blog6\/wp-json\/wp\/v2\/posts\/3512\/revisions"}],"predecessor-version":[{"id":3566,"href":"http:\/\/jlggb.net\/blog6\/wp-json\/wp\/v2\/posts\/3512\/revisions\/3566"}],"wp:attachment":[{"href":"http:\/\/jlggb.net\/blog6\/wp-json\/wp\/v2\/media?parent=3512"}],"wp:term":[{"taxonomy":"category","embeddable":true,"href":"http:\/\/jlggb.net\/blog6\/wp-json\/wp\/v2\/categories?post=3512"},{"taxonomy":"post_tag","embeddable":true,"href":"http:\/\/jlggb.net\/blog6\/wp-json\/wp\/v2\/tags?post=3512"}],"curies":[{"name":"wp","href":"https:\/\/api.w.org\/{rel}","templated":true}]}}