{"id":3374,"date":"2019-06-05T22:00:24","date_gmt":"2019-06-05T20:00:24","guid":{"rendered":"http:\/\/jlggb.net\/blog6\/?p=3374"},"modified":"2019-06-07T22:59:52","modified_gmt":"2019-06-07T20:59:52","slug":"le-numero-31-de-la-couleur-des-jours","status":"publish","type":"post","link":"http:\/\/jlggb.net\/blog6\/2019\/06\/05\/le-numero-31-de-la-couleur-des-jours\/","title":{"rendered":"Le num\u00e9ro 31 de La Couleur des jours"},"content":{"rendered":"<p><a href=\"http:\/\/jlggb.net\/blog6\/wp-content\/uploads\/2019\/06\/cdj_31_jlggb.jpg\" data-rel=\"lightbox-image-0\" data-imagelightbox=\"0\" data-rl_title=\"\" data-rl_caption=\"\" title=\"\"><img loading=\"lazy\" decoding=\"async\" class=\"alignnone wp-image-3375\" src=\"http:\/\/jlggb.net\/blog6\/wp-content\/uploads\/2019\/06\/cdj_31_jlggb.jpg\" alt=\"\" width=\"640\" height=\"1076\" srcset=\"http:\/\/jlggb.net\/blog6\/wp-content\/uploads\/2019\/06\/cdj_31_jlggb.jpg 1126w, http:\/\/jlggb.net\/blog6\/wp-content\/uploads\/2019\/06\/cdj_31_jlggb-178x300.jpg 178w, http:\/\/jlggb.net\/blog6\/wp-content\/uploads\/2019\/06\/cdj_31_jlggb-768x1291.jpg 768w, http:\/\/jlggb.net\/blog6\/wp-content\/uploads\/2019\/06\/cdj_31_jlggb-609x1024.jpg 609w, http:\/\/jlggb.net\/blog6\/wp-content\/uploads\/2019\/06\/cdj_31_jlggb-89x150.jpg 89w\" sizes=\"auto, (max-width: 640px) 100vw, 640px\" \/><\/a><\/p>\n<p>Vendredi 7 juin 2019, 11h. R\u00e9ception du num\u00e9ro 31 de <em>La Couleur des jours<\/em>, \u00e9t\u00e9 2019, <a href=\"http:\/\/www.lacouleurdesjours.ch\/\">http:\/\/www.lacouleurdesjours.ch\/<\/a>, avec la rubrique \u00ab De l\u2019album de jlggb \u00bb.<\/p>\n","protected":false},"excerpt":{"rendered":"<p>Vendredi 7 juin 2019, 11h. R\u00e9ception du num\u00e9ro 31 de La Couleur des jours, \u00e9t\u00e9 2019, http:\/\/www.lacouleurdesjours.ch\/, avec la rubrique \u00ab De l\u2019album de jlggb \u00bb.<\/p>\n","protected":false},"author":1,"featured_media":0,"comment_status":"closed","ping_status":"closed","sticky":false,"template":"","format":"standard","meta":{"footnotes":""},"categories":[7,339,13],"tags":[569,126],"class_list":["post-3374","post","type-post","status-publish","format-standard","hentry","category-enonciation","category-publication","category-reception","tag-chronique","tag-la-couleur-des-jours"],"_links":{"self":[{"href":"http:\/\/jlggb.net\/blog6\/wp-json\/wp\/v2\/posts\/3374","targetHints":{"allow":["GET"]}}],"collection":[{"href":"http:\/\/jlggb.net\/blog6\/wp-json\/wp\/v2\/posts"}],"about":[{"href":"http:\/\/jlggb.net\/blog6\/wp-json\/wp\/v2\/types\/post"}],"author":[{"embeddable":true,"href":"http:\/\/jlggb.net\/blog6\/wp-json\/wp\/v2\/users\/1"}],"replies":[{"embeddable":true,"href":"http:\/\/jlggb.net\/blog6\/wp-json\/wp\/v2\/comments?post=3374"}],"version-history":[{"count":3,"href":"http:\/\/jlggb.net\/blog6\/wp-json\/wp\/v2\/posts\/3374\/revisions"}],"predecessor-version":[{"id":3380,"href":"http:\/\/jlggb.net\/blog6\/wp-json\/wp\/v2\/posts\/3374\/revisions\/3380"}],"wp:attachment":[{"href":"http:\/\/jlggb.net\/blog6\/wp-json\/wp\/v2\/media?parent=3374"}],"wp:term":[{"taxonomy":"category","embeddable":true,"href":"http:\/\/jlggb.net\/blog6\/wp-json\/wp\/v2\/categories?post=3374"},{"taxonomy":"post_tag","embeddable":true,"href":"http:\/\/jlggb.net\/blog6\/wp-json\/wp\/v2\/tags?post=3374"}],"curies":[{"name":"wp","href":"https:\/\/api.w.org\/{rel}","templated":true}]}}