{"id":3286,"date":"2019-05-02T15:30:48","date_gmt":"2019-05-02T13:30:48","guid":{"rendered":"http:\/\/jlggb.net\/blog6\/?p=3286"},"modified":"2019-05-26T00:32:21","modified_gmt":"2019-05-25T22:32:21","slug":"une-certaine-liberte","status":"publish","type":"post","link":"http:\/\/jlggb.net\/blog6\/2019\/05\/02\/une-certaine-liberte\/","title":{"rendered":"Une certaine libert\u00e9"},"content":{"rendered":"<p><a href=\"http:\/\/jlggb.net\/blog6\/wp-content\/uploads\/2019\/05\/rouen-carreaux-marbre-20190502-jlggb.jpg\" data-rel=\"lightbox-image-0\" data-imagelightbox=\"0\" data-rl_title=\"\" data-rl_caption=\"\" title=\"\"><img loading=\"lazy\" decoding=\"async\" src=\"http:\/\/jlggb.net\/blog6\/wp-content\/uploads\/2019\/05\/rouen-carreaux-marbre-20190502-jlggb.jpg\" alt=\"\" width=\"640\" height=\"480\" class=\"alignnone size-full wp-image-3287\" srcset=\"http:\/\/jlggb.net\/blog6\/wp-content\/uploads\/2019\/05\/rouen-carreaux-marbre-20190502-jlggb.jpg 2400w, http:\/\/jlggb.net\/blog6\/wp-content\/uploads\/2019\/05\/rouen-carreaux-marbre-20190502-jlggb-300x225.jpg 300w, http:\/\/jlggb.net\/blog6\/wp-content\/uploads\/2019\/05\/rouen-carreaux-marbre-20190502-jlggb-768x576.jpg 768w, http:\/\/jlggb.net\/blog6\/wp-content\/uploads\/2019\/05\/rouen-carreaux-marbre-20190502-jlggb-1024x768.jpg 1024w, http:\/\/jlggb.net\/blog6\/wp-content\/uploads\/2019\/05\/rouen-carreaux-marbre-20190502-jlggb-150x113.jpg 150w\" sizes=\"auto, (max-width: 640px) 100vw, 640px\" \/><\/a><br \/>\nJeudi 2 mai 2019, 15h30, Mus\u00e9e de la c\u00e9ramique, Rouen. Carreaux de pavement dits \u00ab\u00a0Joachim\u00a0\u00bb, Pr\u00e9 d&rsquo;Auge, d\u00e9but du 17e si\u00e8cle, fa\u00efence. La marbrure, ici encore, est l\u00e0 pour rappeler que la mati\u00e8re \u00e0 son mot \u00e0 dire, quand \u00e0 sa libert\u00e9, dans un processus ordonn\u00e9.<\/p>\n","protected":false},"excerpt":{"rendered":"<p>Jeudi 2 mai 2019, 15h30, Mus\u00e9e de la c\u00e9ramique, Rouen. Carreaux de pavement dits \u00ab\u00a0Joachim\u00a0\u00bb, Pr\u00e9 d&rsquo;Auge, d\u00e9but du 17e si\u00e8cle, fa\u00efence. La marbrure, ici encore, est l\u00e0 pour rappeler que la mati\u00e8re \u00e0 son mot \u00e0 dire, quand \u00e0 sa libert\u00e9, dans un processus ordonn\u00e9.<\/p>\n","protected":false},"author":1,"featured_media":0,"comment_status":"closed","ping_status":"closed","sticky":false,"template":"","format":"standard","meta":{"footnotes":""},"categories":[2,12],"tags":[29,556,231,469],"class_list":["post-3286","post","type-post","status-publish","format-standard","hentry","category-collection","category-objectivation","tag-ceramique","tag-marbrure","tag-musee","tag-rouen"],"_links":{"self":[{"href":"http:\/\/jlggb.net\/blog6\/wp-json\/wp\/v2\/posts\/3286","targetHints":{"allow":["GET"]}}],"collection":[{"href":"http:\/\/jlggb.net\/blog6\/wp-json\/wp\/v2\/posts"}],"about":[{"href":"http:\/\/jlggb.net\/blog6\/wp-json\/wp\/v2\/types\/post"}],"author":[{"embeddable":true,"href":"http:\/\/jlggb.net\/blog6\/wp-json\/wp\/v2\/users\/1"}],"replies":[{"embeddable":true,"href":"http:\/\/jlggb.net\/blog6\/wp-json\/wp\/v2\/comments?post=3286"}],"version-history":[{"count":6,"href":"http:\/\/jlggb.net\/blog6\/wp-json\/wp\/v2\/posts\/3286\/revisions"}],"predecessor-version":[{"id":3293,"href":"http:\/\/jlggb.net\/blog6\/wp-json\/wp\/v2\/posts\/3286\/revisions\/3293"}],"wp:attachment":[{"href":"http:\/\/jlggb.net\/blog6\/wp-json\/wp\/v2\/media?parent=3286"}],"wp:term":[{"taxonomy":"category","embeddable":true,"href":"http:\/\/jlggb.net\/blog6\/wp-json\/wp\/v2\/categories?post=3286"},{"taxonomy":"post_tag","embeddable":true,"href":"http:\/\/jlggb.net\/blog6\/wp-json\/wp\/v2\/tags?post=3286"}],"curies":[{"name":"wp","href":"https:\/\/api.w.org\/{rel}","templated":true}]}}