{"id":3232,"date":"2019-05-09T18:00:42","date_gmt":"2019-05-09T16:00:42","guid":{"rendered":"http:\/\/jlggb.net\/blog6\/?p=3232"},"modified":"2019-05-25T01:35:24","modified_gmt":"2019-05-24T23:35:24","slug":"destinations","status":"publish","type":"post","link":"http:\/\/jlggb.net\/blog6\/2019\/05\/09\/destinations\/","title":{"rendered":"Destinations"},"content":{"rendered":"<p><a href=\"http:\/\/jlggb.net\/blog6\/wp-content\/uploads\/2019\/05\/bourges-semard-20190509-jlggb.jpg\" data-rel=\"lightbox-image-0\" data-imagelightbox=\"0\" data-rl_title=\"\" data-rl_caption=\"\" title=\"\"><img loading=\"lazy\" decoding=\"async\" src=\"http:\/\/jlggb.net\/blog6\/wp-content\/uploads\/2019\/05\/bourges-semard-20190509-jlggb.jpg\" alt=\"\" width=\"640\" height=\"480\" class=\"alignnone size-full wp-image-3240\" srcset=\"http:\/\/jlggb.net\/blog6\/wp-content\/uploads\/2019\/05\/bourges-semard-20190509-jlggb.jpg 2400w, http:\/\/jlggb.net\/blog6\/wp-content\/uploads\/2019\/05\/bourges-semard-20190509-jlggb-300x225.jpg 300w, http:\/\/jlggb.net\/blog6\/wp-content\/uploads\/2019\/05\/bourges-semard-20190509-jlggb-768x576.jpg 768w, http:\/\/jlggb.net\/blog6\/wp-content\/uploads\/2019\/05\/bourges-semard-20190509-jlggb-1024x768.jpg 1024w, http:\/\/jlggb.net\/blog6\/wp-content\/uploads\/2019\/05\/bourges-semard-20190509-jlggb-150x113.jpg 150w\" sizes=\"auto, (max-width: 640px) 100vw, 640px\" \/><\/a><br \/>\nJeudi 9 mai 2019, 18h, avenue Pierre S\u00e9mard, Bourges. Le nom dit que l&rsquo;on va vers la gare. \u00c0 Valence, dans mon enfance, j&rsquo;avais su que l&rsquo;avenue de la Gare avait pris, au lendemain de la guerre, le nom de Pierre S\u00e9mard. C&rsquo;est l\u00e0 qu&rsquo;il avait \u00e9t\u00e9, d\u00e8s 1912, un syndicaliste cheminot devenant dirigeant de la CGT. Cela l&rsquo;am\u00e8nera \u00e0 participer \u00e0 la fondation de la SNCF en 1938. Condamn\u00e9 du fait de conflits internes au PCF comme \u00e0 la suite de la dissolution de ce parti en septembre 1939, il sera emprisonn\u00e9 \u00e0 Bourges en 1940 et 1941. En mai 1942, il sera fusill\u00e9 comme otage par les occupants hitl\u00e9riens. Derri\u00e8re le mur dont le cr\u00e9pi tombe, des b\u00e2timents historiques modernis\u00e9s, mais comme \u00e0 l&rsquo;abandon, sont un h\u00f4pital de g\u00e9rontologie, un EHPAD, un mouroir.<\/p>\n","protected":false},"excerpt":{"rendered":"<p>Jeudi 9 mai 2019, 18h, avenue Pierre S\u00e9mard, Bourges. Le nom dit que l&rsquo;on va vers la gare. \u00c0 Valence, dans mon enfance, j&rsquo;avais su que l&rsquo;avenue de la Gare avait pris, au lendemain de la guerre, le nom de Pierre S\u00e9mard. C&rsquo;est l\u00e0 qu&rsquo;il avait \u00e9t\u00e9, d\u00e8s 1912, un syndicaliste cheminot devenant dirigeant de &hellip; <a href=\"http:\/\/jlggb.net\/blog6\/2019\/05\/09\/destinations\/\" class=\"more-link\">Continuer la lecture de <span class=\"screen-reader-text\">Destinations<\/span><\/a><\/p>\n","protected":false},"author":1,"featured_media":0,"comment_status":"closed","ping_status":"closed","sticky":false,"template":"","format":"standard","meta":{"footnotes":""},"categories":[4],"tags":[547,51,75,548,549],"class_list":["post-3232","post","type-post","status-publish","format-standard","hentry","category-observation","tag-bourges","tag-gare","tag-hopital","tag-pierre-semard","tag-train"],"_links":{"self":[{"href":"http:\/\/jlggb.net\/blog6\/wp-json\/wp\/v2\/posts\/3232","targetHints":{"allow":["GET"]}}],"collection":[{"href":"http:\/\/jlggb.net\/blog6\/wp-json\/wp\/v2\/posts"}],"about":[{"href":"http:\/\/jlggb.net\/blog6\/wp-json\/wp\/v2\/types\/post"}],"author":[{"embeddable":true,"href":"http:\/\/jlggb.net\/blog6\/wp-json\/wp\/v2\/users\/1"}],"replies":[{"embeddable":true,"href":"http:\/\/jlggb.net\/blog6\/wp-json\/wp\/v2\/comments?post=3232"}],"version-history":[{"count":18,"href":"http:\/\/jlggb.net\/blog6\/wp-json\/wp\/v2\/posts\/3232\/revisions"}],"predecessor-version":[{"id":3264,"href":"http:\/\/jlggb.net\/blog6\/wp-json\/wp\/v2\/posts\/3232\/revisions\/3264"}],"wp:attachment":[{"href":"http:\/\/jlggb.net\/blog6\/wp-json\/wp\/v2\/media?parent=3232"}],"wp:term":[{"taxonomy":"category","embeddable":true,"href":"http:\/\/jlggb.net\/blog6\/wp-json\/wp\/v2\/categories?post=3232"},{"taxonomy":"post_tag","embeddable":true,"href":"http:\/\/jlggb.net\/blog6\/wp-json\/wp\/v2\/tags?post=3232"}],"curies":[{"name":"wp","href":"https:\/\/api.w.org\/{rel}","templated":true}]}}