{"id":3130,"date":"2019-04-12T12:00:00","date_gmt":"2019-04-12T10:00:00","guid":{"rendered":"http:\/\/jlggb.net\/blog6\/?p=3130"},"modified":"2019-10-16T02:32:50","modified_gmt":"2019-10-16T00:32:50","slug":"une-attention-aux-couleurs","status":"publish","type":"post","link":"http:\/\/jlggb.net\/blog6\/2019\/04\/12\/une-attention-aux-couleurs\/","title":{"rendered":"Une table de couleurs"},"content":{"rendered":"<p><a href=\"http:\/\/jlggb.net\/blog6\/wp-content\/uploads\/2019\/05\/boijmans-gobelets-20190412-jlggb.jpg\" data-rel=\"lightbox-image-0\" data-imagelightbox=\"0\" data-rl_title=\"\" data-rl_caption=\"\" title=\"\"><img loading=\"lazy\" decoding=\"async\" src=\"http:\/\/jlggb.net\/blog6\/wp-content\/uploads\/2019\/05\/boijmans-gobelets-20190412-jlggb.jpg\" alt=\"\" width=\"640\" height=\"480\" class=\"alignnone size-full wp-image-3131\" srcset=\"http:\/\/jlggb.net\/blog6\/wp-content\/uploads\/2019\/05\/boijmans-gobelets-20190412-jlggb.jpg 2400w, http:\/\/jlggb.net\/blog6\/wp-content\/uploads\/2019\/05\/boijmans-gobelets-20190412-jlggb-300x225.jpg 300w, http:\/\/jlggb.net\/blog6\/wp-content\/uploads\/2019\/05\/boijmans-gobelets-20190412-jlggb-768x576.jpg 768w, http:\/\/jlggb.net\/blog6\/wp-content\/uploads\/2019\/05\/boijmans-gobelets-20190412-jlggb-1024x768.jpg 1024w, http:\/\/jlggb.net\/blog6\/wp-content\/uploads\/2019\/05\/boijmans-gobelets-20190412-jlggb-150x113.jpg 150w\" sizes=\"auto, (max-width: 640px) 100vw, 640px\" \/><\/a><br \/>\nVendredi 12 avril 2019, midi, Mus\u00e9e Boijmans, Rotterdam. Entre les collections marqu\u00e9es par la peinture flamande et un Bauhaus attach\u00e9 aux Pays-Bas, dans l&rsquo;ambiance d&rsquo;une caf\u00e9t\u00e9ria \u00e9ph\u00e9m\u00e8re, le caf\u00e9 des gobelets \u2014 Atlas du gobelet \u2014 s&rsquo;entoure de reflets, de taches, de textures, de nuances, de strates, d&rsquo;ombres, d&rsquo;\u00e9chapp\u00e9es. <\/p>\n","protected":false},"excerpt":{"rendered":"<p>Vendredi 12 avril 2019, midi, Mus\u00e9e Boijmans, Rotterdam. Entre les collections marqu\u00e9es par la peinture flamande et un Bauhaus attach\u00e9 aux Pays-Bas, dans l&rsquo;ambiance d&rsquo;une caf\u00e9t\u00e9ria \u00e9ph\u00e9m\u00e8re, le caf\u00e9 des gobelets \u2014 Atlas du gobelet \u2014 s&rsquo;entoure de reflets, de taches, de textures, de nuances, de strates, d&rsquo;ombres, d&rsquo;\u00e9chapp\u00e9es.<\/p>\n","protected":false},"author":1,"featured_media":0,"comment_status":"closed","ping_status":"closed","sticky":false,"template":"","format":"standard","meta":{"footnotes":""},"categories":[2,4],"tags":[133,332,227],"class_list":["post-3130","post","type-post","status-publish","format-standard","hentry","category-collection","category-observation","tag-cafe","tag-couleur","tag-gobelet"],"_links":{"self":[{"href":"http:\/\/jlggb.net\/blog6\/wp-json\/wp\/v2\/posts\/3130","targetHints":{"allow":["GET"]}}],"collection":[{"href":"http:\/\/jlggb.net\/blog6\/wp-json\/wp\/v2\/posts"}],"about":[{"href":"http:\/\/jlggb.net\/blog6\/wp-json\/wp\/v2\/types\/post"}],"author":[{"embeddable":true,"href":"http:\/\/jlggb.net\/blog6\/wp-json\/wp\/v2\/users\/1"}],"replies":[{"embeddable":true,"href":"http:\/\/jlggb.net\/blog6\/wp-json\/wp\/v2\/comments?post=3130"}],"version-history":[{"count":11,"href":"http:\/\/jlggb.net\/blog6\/wp-json\/wp\/v2\/posts\/3130\/revisions"}],"predecessor-version":[{"id":4194,"href":"http:\/\/jlggb.net\/blog6\/wp-json\/wp\/v2\/posts\/3130\/revisions\/4194"}],"wp:attachment":[{"href":"http:\/\/jlggb.net\/blog6\/wp-json\/wp\/v2\/media?parent=3130"}],"wp:term":[{"taxonomy":"category","embeddable":true,"href":"http:\/\/jlggb.net\/blog6\/wp-json\/wp\/v2\/categories?post=3130"},{"taxonomy":"post_tag","embeddable":true,"href":"http:\/\/jlggb.net\/blog6\/wp-json\/wp\/v2\/tags?post=3130"}],"curies":[{"name":"wp","href":"https:\/\/api.w.org\/{rel}","templated":true}]}}