{"id":3116,"date":"2019-04-12T14:00:29","date_gmt":"2019-04-12T12:00:29","guid":{"rendered":"http:\/\/jlggb.net\/blog6\/?p=3116"},"modified":"2019-05-04T15:10:42","modified_gmt":"2019-05-04T13:10:42","slug":"le-tabouret","status":"publish","type":"post","link":"http:\/\/jlggb.net\/blog6\/2019\/04\/12\/le-tabouret\/","title":{"rendered":"Le Ulm tabouret"},"content":{"rendered":"<p><a href=\"http:\/\/jlggb.net\/blog6\/wp-content\/uploads\/2019\/05\/bill-tabouret-20190427-jlggb.jpg\" data-rel=\"lightbox-image-0\" data-imagelightbox=\"0\" data-rl_title=\"\" data-rl_caption=\"\" title=\"\"><img loading=\"lazy\" decoding=\"async\" src=\"http:\/\/jlggb.net\/blog6\/wp-content\/uploads\/2019\/05\/bill-tabouret-20190427-jlggb.jpg\" alt=\"\" width=\"640\" height=\"480\" class=\"alignnone size-full wp-image-3117\" srcset=\"http:\/\/jlggb.net\/blog6\/wp-content\/uploads\/2019\/05\/bill-tabouret-20190427-jlggb.jpg 2400w, http:\/\/jlggb.net\/blog6\/wp-content\/uploads\/2019\/05\/bill-tabouret-20190427-jlggb-300x225.jpg 300w, http:\/\/jlggb.net\/blog6\/wp-content\/uploads\/2019\/05\/bill-tabouret-20190427-jlggb-768x576.jpg 768w, http:\/\/jlggb.net\/blog6\/wp-content\/uploads\/2019\/05\/bill-tabouret-20190427-jlggb-1024x768.jpg 1024w, http:\/\/jlggb.net\/blog6\/wp-content\/uploads\/2019\/05\/bill-tabouret-20190427-jlggb-150x113.jpg 150w\" sizes=\"auto, (max-width: 640px) 100vw, 640px\" \/><\/a><br \/>\nVendredi 12 avril, 14h, exposition Netherlands \u2014 Bauhaus, Mus\u00e9e Boijmans, Rotterdam. LE tabouret, tel qu&rsquo;on le pratique chaque jour mais tel qu&rsquo;on ne l&rsquo;a jamais vu, d&rsquo;origine et aupr\u00e8s de ses auteurs : Max Bill, Hans Gugelot, <em>Hocker<\/em>, tabouret Ulm, 1953, pin et h\u00eatre, us\u00e9. Cartel : \u00ab\u00a0Chaque \u00e9tudiant de l&rsquo;\u00e9cole de Ulm se voyait attribuer son propre tabouret, qui pouvait \u00eatre utilis\u00e9 comme si\u00e8ge, comme table ou comme \u00e9tabli. Cet exemplaire a appartenu \u00e0 Hartmut Kowalke, qui est parti vers les Pays Bas en 1966 pour travailler au studio Total Design de Wim Crouwel. \u00bb Rappel : la Hochschule f\u00fcr Gestaltung d\u2019Ulm, inspir\u00e9e du Bauhaus, 1953-1968, fut cr\u00e9\u00e9e par Otl Aicher, Inge Scholl et Max Bill.<\/p>\n","protected":false},"excerpt":{"rendered":"<p>Vendredi 12 avril, 14h, exposition Netherlands \u2014 Bauhaus, Mus\u00e9e Boijmans, Rotterdam. LE tabouret, tel qu&rsquo;on le pratique chaque jour mais tel qu&rsquo;on ne l&rsquo;a jamais vu, d&rsquo;origine et aupr\u00e8s de ses auteurs : Max Bill, Hans Gugelot, Hocker, tabouret Ulm, 1953, pin et h\u00eatre, us\u00e9. Cartel : \u00ab\u00a0Chaque \u00e9tudiant de l&rsquo;\u00e9cole de Ulm se voyait &hellip; <a href=\"http:\/\/jlggb.net\/blog6\/2019\/04\/12\/le-tabouret\/\" class=\"more-link\">Continuer la lecture de <span class=\"screen-reader-text\">Le Ulm tabouret<\/span><\/a><\/p>\n","protected":false},"author":1,"featured_media":0,"comment_status":"closed","ping_status":"closed","sticky":false,"template":"","format":"standard","meta":{"footnotes":""},"categories":[2,12],"tags":[271,533,532,531,534],"class_list":["post-3116","post","type-post","status-publish","format-standard","hentry","category-collection","category-objectivation","tag-bauhaus","tag-hans-gugelot","tag-max-bill","tag-siege","tag-ulm"],"_links":{"self":[{"href":"http:\/\/jlggb.net\/blog6\/wp-json\/wp\/v2\/posts\/3116","targetHints":{"allow":["GET"]}}],"collection":[{"href":"http:\/\/jlggb.net\/blog6\/wp-json\/wp\/v2\/posts"}],"about":[{"href":"http:\/\/jlggb.net\/blog6\/wp-json\/wp\/v2\/types\/post"}],"author":[{"embeddable":true,"href":"http:\/\/jlggb.net\/blog6\/wp-json\/wp\/v2\/users\/1"}],"replies":[{"embeddable":true,"href":"http:\/\/jlggb.net\/blog6\/wp-json\/wp\/v2\/comments?post=3116"}],"version-history":[{"count":11,"href":"http:\/\/jlggb.net\/blog6\/wp-json\/wp\/v2\/posts\/3116\/revisions"}],"predecessor-version":[{"id":3128,"href":"http:\/\/jlggb.net\/blog6\/wp-json\/wp\/v2\/posts\/3116\/revisions\/3128"}],"wp:attachment":[{"href":"http:\/\/jlggb.net\/blog6\/wp-json\/wp\/v2\/media?parent=3116"}],"wp:term":[{"taxonomy":"category","embeddable":true,"href":"http:\/\/jlggb.net\/blog6\/wp-json\/wp\/v2\/categories?post=3116"},{"taxonomy":"post_tag","embeddable":true,"href":"http:\/\/jlggb.net\/blog6\/wp-json\/wp\/v2\/tags?post=3116"}],"curies":[{"name":"wp","href":"https:\/\/api.w.org\/{rel}","templated":true}]}}