{"id":3008,"date":"2019-04-22T11:00:07","date_gmt":"2019-04-22T10:00:07","guid":{"rendered":"http:\/\/jlggb.net\/blog6\/?p=3008"},"modified":"2019-04-23T00:44:21","modified_gmt":"2019-04-22T22:44:21","slug":"signes-du-temps","status":"publish","type":"post","link":"http:\/\/jlggb.net\/blog6\/2019\/04\/22\/signes-du-temps\/","title":{"rendered":"Signes du temps"},"content":{"rendered":"<p><a href=\"http:\/\/jlggb.net\/blog6\/wp-content\/uploads\/2019\/04\/saintantoine-20190422-jlggb.jpg\" data-rel=\"lightbox-image-0\" data-imagelightbox=\"0\" data-rl_title=\"\" data-rl_caption=\"\" title=\"\"><img loading=\"lazy\" decoding=\"async\" class=\"alignnone wp-image-3012\" src=\"http:\/\/jlggb.net\/blog6\/wp-content\/uploads\/2019\/04\/saintantoine-20190422-jlggb.jpg\" alt=\"\" width=\"640\" height=\"480\" srcset=\"http:\/\/jlggb.net\/blog6\/wp-content\/uploads\/2019\/04\/saintantoine-20190422-jlggb.jpg 2400w, http:\/\/jlggb.net\/blog6\/wp-content\/uploads\/2019\/04\/saintantoine-20190422-jlggb-300x225.jpg 300w, http:\/\/jlggb.net\/blog6\/wp-content\/uploads\/2019\/04\/saintantoine-20190422-jlggb-768x576.jpg 768w, http:\/\/jlggb.net\/blog6\/wp-content\/uploads\/2019\/04\/saintantoine-20190422-jlggb-1024x768.jpg 1024w, http:\/\/jlggb.net\/blog6\/wp-content\/uploads\/2019\/04\/saintantoine-20190422-jlggb-150x113.jpg 150w\" sizes=\"auto, (max-width: 640px) 100vw, 640px\" \/><\/a><br \/>\nLundi 22 avril 2019, 11h, Abbaye de Saint-Antoine, Is\u00e8re. Une pierre de molasse creus\u00e9e, autrefois peut-\u00eatre, orne la fa\u00e7ade sud de la grande \u00e9glise. On peut savoir que la construction de l&rsquo;\u00e9glise abbatiale a commenc\u00e9 en 1130 et s&rsquo;est termin\u00e9e \u00e0 la fin du XVe si\u00e8cle. Un incendie a d\u00e9truit le clocher et les toitures en 1422.<\/p>\n","protected":false},"excerpt":{"rendered":"<p>Lundi 22 avril 2019, 11h, Abbaye de Saint-Antoine, Is\u00e8re. Une pierre de molasse creus\u00e9e, autrefois peut-\u00eatre, orne la fa\u00e7ade sud de la grande \u00e9glise. On peut savoir que la construction de l&rsquo;\u00e9glise abbatiale a commenc\u00e9 en 1130 et s&rsquo;est termin\u00e9e \u00e0 la fin du XVe si\u00e8cle. Un incendie a d\u00e9truit le clocher et les toitures &hellip; <a href=\"http:\/\/jlggb.net\/blog6\/2019\/04\/22\/signes-du-temps\/\" class=\"more-link\">Continuer la lecture de <span class=\"screen-reader-text\">Signes du temps<\/span><\/a><\/p>\n","protected":false},"author":1,"featured_media":0,"comment_status":"closed","ping_status":"closed","sticky":false,"template":"","format":"standard","meta":{"footnotes":""},"categories":[5,8],"tags":[515,244],"class_list":["post-3008","post","type-post","status-publish","format-standard","hentry","category-construction","category-memorisation","tag-abbaye","tag-pierre"],"_links":{"self":[{"href":"http:\/\/jlggb.net\/blog6\/wp-json\/wp\/v2\/posts\/3008","targetHints":{"allow":["GET"]}}],"collection":[{"href":"http:\/\/jlggb.net\/blog6\/wp-json\/wp\/v2\/posts"}],"about":[{"href":"http:\/\/jlggb.net\/blog6\/wp-json\/wp\/v2\/types\/post"}],"author":[{"embeddable":true,"href":"http:\/\/jlggb.net\/blog6\/wp-json\/wp\/v2\/users\/1"}],"replies":[{"embeddable":true,"href":"http:\/\/jlggb.net\/blog6\/wp-json\/wp\/v2\/comments?post=3008"}],"version-history":[{"count":10,"href":"http:\/\/jlggb.net\/blog6\/wp-json\/wp\/v2\/posts\/3008\/revisions"}],"predecessor-version":[{"id":3021,"href":"http:\/\/jlggb.net\/blog6\/wp-json\/wp\/v2\/posts\/3008\/revisions\/3021"}],"wp:attachment":[{"href":"http:\/\/jlggb.net\/blog6\/wp-json\/wp\/v2\/media?parent=3008"}],"wp:term":[{"taxonomy":"category","embeddable":true,"href":"http:\/\/jlggb.net\/blog6\/wp-json\/wp\/v2\/categories?post=3008"},{"taxonomy":"post_tag","embeddable":true,"href":"http:\/\/jlggb.net\/blog6\/wp-json\/wp\/v2\/tags?post=3008"}],"curies":[{"name":"wp","href":"https:\/\/api.w.org\/{rel}","templated":true}]}}