{"id":2849,"date":"2019-03-16T14:00:59","date_gmt":"2019-03-16T13:00:59","guid":{"rendered":"http:\/\/jlggb.net\/blog6\/?p=2849"},"modified":"2019-03-18T15:39:56","modified_gmt":"2019-03-18T14:39:56","slug":"calder","status":"publish","type":"post","link":"http:\/\/jlggb.net\/blog6\/2019\/03\/16\/calder\/","title":{"rendered":"Calder"},"content":{"rendered":"<p><a href=\"http:\/\/jlggb.net\/blog6\/wp-content\/uploads\/2019\/03\/cader-baker-20190316-jlggb.jpg\" data-rel=\"lightbox-image-0\" data-imagelightbox=\"0\" data-rl_title=\"\" data-rl_caption=\"\" title=\"\"><img loading=\"lazy\" decoding=\"async\" class=\"alignnone wp-image-2850\" src=\"http:\/\/jlggb.net\/blog6\/wp-content\/uploads\/2019\/03\/cader-baker-20190316-jlggb.jpg\" alt=\"\" width=\"640\" height=\"480\" \/><\/a><br \/>\n<a href=\"http:\/\/jlggb.net\/blog6\/wp-content\/uploads\/2019\/03\/cader-constellation-20190316-jlggb.jpg\" data-rel=\"lightbox-image-1\" data-imagelightbox=\"1\" data-rl_title=\"\" data-rl_caption=\"\" title=\"\"><img loading=\"lazy\" decoding=\"async\" class=\"alignnone wp-image-2851\" src=\"http:\/\/jlggb.net\/blog6\/wp-content\/uploads\/2019\/03\/cader-constellation-20190316-jlggb.jpg\" alt=\"\" width=\"640\" height=\"480\" \/><\/a><br \/>\n<a href=\"http:\/\/jlggb.net\/blog6\/wp-content\/uploads\/2019\/03\/cader-red-lily-20190316-jlggb.jpg\" data-rel=\"lightbox-image-2\" data-imagelightbox=\"2\" data-rl_title=\"\" data-rl_caption=\"\" title=\"\"><img loading=\"lazy\" decoding=\"async\" class=\"alignnone wp-image-2852\" src=\"http:\/\/jlggb.net\/blog6\/wp-content\/uploads\/2019\/03\/cader-red-lily-20190316-jlggb.jpg\" alt=\"\" width=\"640\" height=\"480\" \/><\/a><br \/>\nSamedi 16 mars 2019, 14h-15h, Mus\u00e9e Picasso, Paris. Exposition Calder-Picasso ; Alexander Calder, <em>Aztec Jos\u00e9phine Baker<\/em>, 1930, fil de fer ; <em>Constellation<\/em>, 1943, bois, fil de fer et peinture ; <em>Red Lily Pads<\/em>, 1956, t\u00f4le, fil de fer, tiges de m\u00e9tal et peinture.<\/p>\n","protected":false},"excerpt":{"rendered":"<p>Samedi 16 mars 2019, 14h-15h, Mus\u00e9e Picasso, Paris. Exposition Calder-Picasso ; Alexander Calder, Aztec Jos\u00e9phine Baker, 1930, fil de fer ; Constellation, 1943, bois, fil de fer et peinture ; Red Lily Pads, 1956, t\u00f4le, fil de fer, tiges de m\u00e9tal et peinture.<\/p>\n","protected":false},"author":1,"featured_media":0,"comment_status":"closed","ping_status":"closed","sticky":false,"template":"","format":"standard","meta":{"footnotes":""},"categories":[2,5],"tags":[486,487],"class_list":["post-2849","post","type-post","status-publish","format-standard","hentry","category-collection","category-construction","tag-alexander-calder","tag-fil-de-fer"],"_links":{"self":[{"href":"http:\/\/jlggb.net\/blog6\/wp-json\/wp\/v2\/posts\/2849","targetHints":{"allow":["GET"]}}],"collection":[{"href":"http:\/\/jlggb.net\/blog6\/wp-json\/wp\/v2\/posts"}],"about":[{"href":"http:\/\/jlggb.net\/blog6\/wp-json\/wp\/v2\/types\/post"}],"author":[{"embeddable":true,"href":"http:\/\/jlggb.net\/blog6\/wp-json\/wp\/v2\/users\/1"}],"replies":[{"embeddable":true,"href":"http:\/\/jlggb.net\/blog6\/wp-json\/wp\/v2\/comments?post=2849"}],"version-history":[{"count":6,"href":"http:\/\/jlggb.net\/blog6\/wp-json\/wp\/v2\/posts\/2849\/revisions"}],"predecessor-version":[{"id":2870,"href":"http:\/\/jlggb.net\/blog6\/wp-json\/wp\/v2\/posts\/2849\/revisions\/2870"}],"wp:attachment":[{"href":"http:\/\/jlggb.net\/blog6\/wp-json\/wp\/v2\/media?parent=2849"}],"wp:term":[{"taxonomy":"category","embeddable":true,"href":"http:\/\/jlggb.net\/blog6\/wp-json\/wp\/v2\/categories?post=2849"},{"taxonomy":"post_tag","embeddable":true,"href":"http:\/\/jlggb.net\/blog6\/wp-json\/wp\/v2\/tags?post=2849"}],"curies":[{"name":"wp","href":"https:\/\/api.w.org\/{rel}","templated":true}]}}