{"id":2827,"date":"2019-02-28T14:30:29","date_gmt":"2019-02-28T13:30:29","guid":{"rendered":"http:\/\/jlggb.net\/blog6\/?p=2827"},"modified":"2019-03-12T01:08:26","modified_gmt":"2019-03-12T00:08:26","slug":"le-chariot-cabane","status":"publish","type":"post","link":"http:\/\/jlggb.net\/blog6\/2019\/02\/28\/le-chariot-cabane\/","title":{"rendered":"Le chariot cabane"},"content":{"rendered":"<p><a href=\"http:\/\/jlggb.net\/blog6\/wp-content\/uploads\/2019\/03\/mucem-chariot-cabane-20190228-jlggb.jpg\" data-rel=\"lightbox-image-0\" data-imagelightbox=\"0\" data-rl_title=\"\" data-rl_caption=\"\" title=\"\"><img loading=\"lazy\" decoding=\"async\" class=\"alignnone size-full wp-image-2828\" src=\"http:\/\/jlggb.net\/blog6\/wp-content\/uploads\/2019\/03\/mucem-chariot-cabane-20190228-jlggb.jpg\" alt=\"\" width=\"640\" height=\"480\" srcset=\"http:\/\/jlggb.net\/blog6\/wp-content\/uploads\/2019\/03\/mucem-chariot-cabane-20190228-jlggb.jpg 2400w, http:\/\/jlggb.net\/blog6\/wp-content\/uploads\/2019\/03\/mucem-chariot-cabane-20190228-jlggb-300x225.jpg 300w, http:\/\/jlggb.net\/blog6\/wp-content\/uploads\/2019\/03\/mucem-chariot-cabane-20190228-jlggb-768x576.jpg 768w, http:\/\/jlggb.net\/blog6\/wp-content\/uploads\/2019\/03\/mucem-chariot-cabane-20190228-jlggb-1024x768.jpg 1024w, http:\/\/jlggb.net\/blog6\/wp-content\/uploads\/2019\/03\/mucem-chariot-cabane-20190228-jlggb-150x113.jpg 150w\" sizes=\"auto, (max-width: 640px) 100vw, 640px\" \/><\/a><br \/>\n<a href=\"http:\/\/jlggb.net\/blog6\/wp-content\/uploads\/2019\/03\/mucem-chariot-cabane-video-20190228-jlggb.jpg\" data-rel=\"lightbox-image-1\" data-imagelightbox=\"1\" data-rl_title=\"\" data-rl_caption=\"\" title=\"\"><img loading=\"lazy\" decoding=\"async\" class=\"alignnone size-full wp-image-2829\" src=\"http:\/\/jlggb.net\/blog6\/wp-content\/uploads\/2019\/03\/mucem-chariot-cabane-video-20190228-jlggb.jpg\" alt=\"\" width=\"640\" height=\"480\" srcset=\"http:\/\/jlggb.net\/blog6\/wp-content\/uploads\/2019\/03\/mucem-chariot-cabane-video-20190228-jlggb.jpg 2400w, http:\/\/jlggb.net\/blog6\/wp-content\/uploads\/2019\/03\/mucem-chariot-cabane-video-20190228-jlggb-300x225.jpg 300w, http:\/\/jlggb.net\/blog6\/wp-content\/uploads\/2019\/03\/mucem-chariot-cabane-video-20190228-jlggb-768x576.jpg 768w, http:\/\/jlggb.net\/blog6\/wp-content\/uploads\/2019\/03\/mucem-chariot-cabane-video-20190228-jlggb-1024x768.jpg 1024w, http:\/\/jlggb.net\/blog6\/wp-content\/uploads\/2019\/03\/mucem-chariot-cabane-video-20190228-jlggb-150x113.jpg 150w\" sizes=\"auto, (max-width: 640px) 100vw, 640px\" \/><\/a><br \/>\nJeudi 28 f\u00e9vrier 2019, 14h30, Mucem, Marseille. <em>Cabane de berger<\/em>, Le Bosc Roger en Roumois, Eure, 1850-1900. Film sur l&rsquo;\u00e9change entre Mariel Jean-Bruhnes Delamarre, ethnologue, et Monsieur Poulain, qui c\u00e8de sa cabane au Mus\u00e9e des arts et traditions populaires. Eure, vers 1970 : \u00ab Qui disparaissent \u00bb ; \u00ab Tandis que si cette cabane est mise au mus\u00e9e, au Mus\u00e9e des arts et traditions populaires\u00a0\u00bb ; \u00ab Pour moi, elle m&rsquo;est utile \u00bb ; \u00ab C&rsquo;est un document historique \u00bb ; \u00ab\u00a0Nous serons tous morts \u00bb ; \u00ab Mais vous savez, vous ne le regretterez pas \u00bb.<\/p>\n<p><iframe loading=\"lazy\" src=\"http:\/\/player.vimeo.com\/video\/322933303?byline=0&amp;portrait=0&amp;color=ffffff\" width=\"640\" height=\"400\" frameborder=\"0\" data-mce-fragment=\"1\"><\/iframe><br \/>\nMariel Jean-Bruhnes Delamarre, vers 1970. Extrait de la s\u00e9ance Le Temps des archives, Mucem\/France Culture\/INA.\u00a0Note : j&rsquo;ai voyag\u00e9 en Chine avec Mariel Jean-Bruhnes Delamarre et apport\u00e9 une contribution \u00e0 ses recherches \u00e0 propos de la charrue et des arts populaires en Chine, \u00e0 la fin des ann\u00e9es 1970. JLB<\/p>\n","protected":false},"excerpt":{"rendered":"<p>Jeudi 28 f\u00e9vrier 2019, 14h30, Mucem, Marseille. Cabane de berger, Le Bosc Roger en Roumois, Eure, 1850-1900. Film sur l&rsquo;\u00e9change entre Mariel Jean-Bruhnes Delamarre, ethnologue, et Monsieur Poulain, qui c\u00e8de sa cabane au Mus\u00e9e des arts et traditions populaires. Eure, vers 1970 : \u00ab Qui disparaissent \u00bb ; \u00ab Tandis que si cette cabane est &hellip; <a href=\"http:\/\/jlggb.net\/blog6\/2019\/02\/28\/le-chariot-cabane\/\" class=\"more-link\">Continuer la lecture de <span class=\"screen-reader-text\">Le chariot cabane<\/span><\/a><\/p>\n","protected":false},"author":1,"featured_media":0,"comment_status":"closed","ping_status":"closed","sticky":false,"template":"","format":"standard","meta":{"footnotes":""},"categories":[2,7],"tags":[485,483,475,484],"class_list":["post-2827","post","type-post","status-publish","format-standard","hentry","category-collection","category-enonciation","tag-berger","tag-mariel-jean-bruhnes-delamarre","tag-mucem","tag-normandie"],"_links":{"self":[{"href":"http:\/\/jlggb.net\/blog6\/wp-json\/wp\/v2\/posts\/2827","targetHints":{"allow":["GET"]}}],"collection":[{"href":"http:\/\/jlggb.net\/blog6\/wp-json\/wp\/v2\/posts"}],"about":[{"href":"http:\/\/jlggb.net\/blog6\/wp-json\/wp\/v2\/types\/post"}],"author":[{"embeddable":true,"href":"http:\/\/jlggb.net\/blog6\/wp-json\/wp\/v2\/users\/1"}],"replies":[{"embeddable":true,"href":"http:\/\/jlggb.net\/blog6\/wp-json\/wp\/v2\/comments?post=2827"}],"version-history":[{"count":18,"href":"http:\/\/jlggb.net\/blog6\/wp-json\/wp\/v2\/posts\/2827\/revisions"}],"predecessor-version":[{"id":2847,"href":"http:\/\/jlggb.net\/blog6\/wp-json\/wp\/v2\/posts\/2827\/revisions\/2847"}],"wp:attachment":[{"href":"http:\/\/jlggb.net\/blog6\/wp-json\/wp\/v2\/media?parent=2827"}],"wp:term":[{"taxonomy":"category","embeddable":true,"href":"http:\/\/jlggb.net\/blog6\/wp-json\/wp\/v2\/categories?post=2827"},{"taxonomy":"post_tag","embeddable":true,"href":"http:\/\/jlggb.net\/blog6\/wp-json\/wp\/v2\/tags?post=2827"}],"curies":[{"name":"wp","href":"https:\/\/api.w.org\/{rel}","templated":true}]}}