{"id":2781,"date":"2019-03-06T15:30:52","date_gmt":"2019-03-06T14:30:52","guid":{"rendered":"http:\/\/jlggb.net\/blog6\/?p=2781"},"modified":"2019-03-08T01:13:48","modified_gmt":"2019-03-08T00:13:48","slug":"les-arbres-aux-feuilles","status":"publish","type":"post","link":"http:\/\/jlggb.net\/blog6\/2019\/03\/06\/les-arbres-aux-feuilles\/","title":{"rendered":"L&rsquo;arbre aux feuilles"},"content":{"rendered":"<p><a href=\"http:\/\/jlggb.net\/blog6\/wp-content\/uploads\/2019\/03\/feuilles-cluny-20190306-jlggb.jpg\" data-rel=\"lightbox-image-0\" data-imagelightbox=\"0\" data-rl_title=\"\" data-rl_caption=\"\" title=\"\"><img loading=\"lazy\" decoding=\"async\" class=\"alignnone wp-image-2782\" src=\"http:\/\/jlggb.net\/blog6\/wp-content\/uploads\/2019\/03\/feuilles-cluny-20190306-jlggb.jpg\" alt=\"\" width=\"640\" height=\"480\" srcset=\"http:\/\/jlggb.net\/blog6\/wp-content\/uploads\/2019\/03\/feuilles-cluny-20190306-jlggb.jpg 2400w, http:\/\/jlggb.net\/blog6\/wp-content\/uploads\/2019\/03\/feuilles-cluny-20190306-jlggb-300x225.jpg 300w, http:\/\/jlggb.net\/blog6\/wp-content\/uploads\/2019\/03\/feuilles-cluny-20190306-jlggb-768x576.jpg 768w, http:\/\/jlggb.net\/blog6\/wp-content\/uploads\/2019\/03\/feuilles-cluny-20190306-jlggb-1024x768.jpg 1024w, http:\/\/jlggb.net\/blog6\/wp-content\/uploads\/2019\/03\/feuilles-cluny-20190306-jlggb-150x113.jpg 150w\" sizes=\"auto, (max-width: 640px) 100vw, 640px\" \/><\/a><br \/>\nMercredi 6 mars 2019, 15h30, square Paul Painlev\u00e9, Paris 5e. L&rsquo;\u00ab arbre aux feuilles \u00bb de cette ann\u00e9e se pr\u00e9sente devant La Sorbonne, par temps gris et humide. L&rsquo;an dernier, c&rsquo;\u00e9tait l\u00e0 : <a href=\"http:\/\/jlggb.net\/blog6\/2018\/03\/24\/larbre-aux-feuilles\/\">http:\/\/jlggb.net\/blog6\/2018\/03\/24\/larbre-aux-feuilles\/<\/a><\/p>\n","protected":false},"excerpt":{"rendered":"<p>Mercredi 6 mars 2019, 15h30, square Paul Painlev\u00e9, Paris 5e. L&rsquo;\u00ab arbre aux feuilles \u00bb de cette ann\u00e9e se pr\u00e9sente devant La Sorbonne, par temps gris et humide. L&rsquo;an dernier, c&rsquo;\u00e9tait l\u00e0 : http:\/\/jlggb.net\/blog6\/2018\/03\/24\/larbre-aux-feuilles\/<\/p>\n","protected":false},"author":1,"featured_media":0,"comment_status":"closed","ping_status":"closed","sticky":false,"template":"","format":"standard","meta":{"footnotes":""},"categories":[2,7],"tags":[45,42,144],"class_list":["post-2781","post","type-post","status-publish","format-standard","hentry","category-collection","category-enonciation","tag-arbre","tag-feuille","tag-rituel"],"_links":{"self":[{"href":"http:\/\/jlggb.net\/blog6\/wp-json\/wp\/v2\/posts\/2781","targetHints":{"allow":["GET"]}}],"collection":[{"href":"http:\/\/jlggb.net\/blog6\/wp-json\/wp\/v2\/posts"}],"about":[{"href":"http:\/\/jlggb.net\/blog6\/wp-json\/wp\/v2\/types\/post"}],"author":[{"embeddable":true,"href":"http:\/\/jlggb.net\/blog6\/wp-json\/wp\/v2\/users\/1"}],"replies":[{"embeddable":true,"href":"http:\/\/jlggb.net\/blog6\/wp-json\/wp\/v2\/comments?post=2781"}],"version-history":[{"count":9,"href":"http:\/\/jlggb.net\/blog6\/wp-json\/wp\/v2\/posts\/2781\/revisions"}],"predecessor-version":[{"id":2801,"href":"http:\/\/jlggb.net\/blog6\/wp-json\/wp\/v2\/posts\/2781\/revisions\/2801"}],"wp:attachment":[{"href":"http:\/\/jlggb.net\/blog6\/wp-json\/wp\/v2\/media?parent=2781"}],"wp:term":[{"taxonomy":"category","embeddable":true,"href":"http:\/\/jlggb.net\/blog6\/wp-json\/wp\/v2\/categories?post=2781"},{"taxonomy":"post_tag","embeddable":true,"href":"http:\/\/jlggb.net\/blog6\/wp-json\/wp\/v2\/tags?post=2781"}],"curies":[{"name":"wp","href":"https:\/\/api.w.org\/{rel}","templated":true}]}}