{"id":2758,"date":"2019-02-28T17:00:01","date_gmt":"2019-02-28T16:00:01","guid":{"rendered":"http:\/\/jlggb.net\/blog6\/?p=2758"},"modified":"2020-10-03T10:00:57","modified_gmt":"2020-10-03T09:00:57","slug":"a-marseille","status":"publish","type":"post","link":"http:\/\/jlggb.net\/blog6\/2019\/02\/28\/a-marseille\/","title":{"rendered":"\u00e0 Marseille"},"content":{"rendered":"<p><a href=\"http:\/\/jlggb.net\/blog6\/wp-content\/uploads\/2019\/03\/marseille-mer-mucem-20190228-jlggb.jpg\" data-rel=\"lightbox-image-0\" data-imagelightbox=\"0\" data-rl_title=\"\" data-rl_caption=\"\" title=\"\"><img loading=\"lazy\" decoding=\"async\" class=\"alignnone size-full wp-image-2759\" src=\"http:\/\/jlggb.net\/blog6\/wp-content\/uploads\/2019\/03\/marseille-mer-mucem-20190228-jlggb.jpg\" alt=\"\" width=\"640\" height=\"480\" srcset=\"http:\/\/jlggb.net\/blog6\/wp-content\/uploads\/2019\/03\/marseille-mer-mucem-20190228-jlggb.jpg 2400w, http:\/\/jlggb.net\/blog6\/wp-content\/uploads\/2019\/03\/marseille-mer-mucem-20190228-jlggb-300x225.jpg 300w, http:\/\/jlggb.net\/blog6\/wp-content\/uploads\/2019\/03\/marseille-mer-mucem-20190228-jlggb-768x576.jpg 768w, http:\/\/jlggb.net\/blog6\/wp-content\/uploads\/2019\/03\/marseille-mer-mucem-20190228-jlggb-1024x768.jpg 1024w, http:\/\/jlggb.net\/blog6\/wp-content\/uploads\/2019\/03\/marseille-mer-mucem-20190228-jlggb-150x113.jpg 150w\" sizes=\"auto, (max-width: 640px) 100vw, 640px\" \/><\/a><br \/>\nJeudi 28 f\u00e9vrier 2019, 17h, quai de la Tourette, Marseille. Longtemps, j&rsquo;ai nomm\u00e9 mes photos faites \u00e0 Marseille : \u00ab Marseille jamais que pour \u00e7a \u00bb. Pour qu&rsquo;elles soient prises. Maintenant, \u00eatre \u00e0 Marseille me conduit obligatoirement \u00e0 une vue de la mer.<\/p>\n","protected":false},"excerpt":{"rendered":"<p>Jeudi 28 f\u00e9vrier 2019, 17h, quai de la Tourette, Marseille. Longtemps, j&rsquo;ai nomm\u00e9 mes photos faites \u00e0 Marseille : \u00ab Marseille jamais que pour \u00e7a \u00bb. Pour qu&rsquo;elles soient prises. Maintenant, \u00eatre \u00e0 Marseille me conduit obligatoirement \u00e0 une vue de la mer.<\/p>\n","protected":false},"author":1,"featured_media":0,"comment_status":"closed","ping_status":"closed","sticky":false,"template":"","format":"standard","meta":{"footnotes":""},"categories":[94,6],"tags":[68,246],"class_list":["post-2758","post","type-post","status-publish","format-standard","hentry","category-figuration","category-notation","tag-marseille","tag-mer"],"_links":{"self":[{"href":"http:\/\/jlggb.net\/blog6\/wp-json\/wp\/v2\/posts\/2758","targetHints":{"allow":["GET"]}}],"collection":[{"href":"http:\/\/jlggb.net\/blog6\/wp-json\/wp\/v2\/posts"}],"about":[{"href":"http:\/\/jlggb.net\/blog6\/wp-json\/wp\/v2\/types\/post"}],"author":[{"embeddable":true,"href":"http:\/\/jlggb.net\/blog6\/wp-json\/wp\/v2\/users\/1"}],"replies":[{"embeddable":true,"href":"http:\/\/jlggb.net\/blog6\/wp-json\/wp\/v2\/comments?post=2758"}],"version-history":[{"count":3,"href":"http:\/\/jlggb.net\/blog6\/wp-json\/wp\/v2\/posts\/2758\/revisions"}],"predecessor-version":[{"id":4620,"href":"http:\/\/jlggb.net\/blog6\/wp-json\/wp\/v2\/posts\/2758\/revisions\/4620"}],"wp:attachment":[{"href":"http:\/\/jlggb.net\/blog6\/wp-json\/wp\/v2\/media?parent=2758"}],"wp:term":[{"taxonomy":"category","embeddable":true,"href":"http:\/\/jlggb.net\/blog6\/wp-json\/wp\/v2\/categories?post=2758"},{"taxonomy":"post_tag","embeddable":true,"href":"http:\/\/jlggb.net\/blog6\/wp-json\/wp\/v2\/tags?post=2758"}],"curies":[{"name":"wp","href":"https:\/\/api.w.org\/{rel}","templated":true}]}}