{"id":2714,"date":"2019-02-25T14:30:35","date_gmt":"2019-02-25T13:30:35","guid":{"rendered":"http:\/\/jlggb.net\/blog6\/?p=2714"},"modified":"2019-03-02T01:31:14","modified_gmt":"2019-03-02T00:31:14","slug":"le-soleil-brille-bas","status":"publish","type":"post","link":"http:\/\/jlggb.net\/blog6\/2019\/02\/25\/le-soleil-brille-bas\/","title":{"rendered":"Le soleil brille bas"},"content":{"rendered":"<p><a href=\"http:\/\/jlggb.net\/blog6\/wp-content\/uploads\/2019\/02\/turquetil-soleif-fevrier-20190225-jlggb.jpg\" data-rel=\"lightbox-image-0\" data-imagelightbox=\"0\" data-rl_title=\"\" data-rl_caption=\"\" title=\"\"><img loading=\"lazy\" decoding=\"async\" src=\"http:\/\/jlggb.net\/blog6\/wp-content\/uploads\/2019\/02\/turquetil-soleif-fevrier-20190225-jlggb.jpg\" class=\"alignnone size-full wp-image-2715\" alt=\"\" width=\"2400\" height=\"1800\" srcset=\"http:\/\/jlggb.net\/blog6\/wp-content\/uploads\/2019\/02\/turquetil-soleif-fevrier-20190225-jlggb.jpg 2400w, http:\/\/jlggb.net\/blog6\/wp-content\/uploads\/2019\/02\/turquetil-soleif-fevrier-20190225-jlggb-300x225.jpg 300w, http:\/\/jlggb.net\/blog6\/wp-content\/uploads\/2019\/02\/turquetil-soleif-fevrier-20190225-jlggb-768x576.jpg 768w, http:\/\/jlggb.net\/blog6\/wp-content\/uploads\/2019\/02\/turquetil-soleif-fevrier-20190225-jlggb-1024x768.jpg 1024w, http:\/\/jlggb.net\/blog6\/wp-content\/uploads\/2019\/02\/turquetil-soleif-fevrier-20190225-jlggb-150x113.jpg 150w\" sizes=\"auto, (max-width: 2400px) 100vw, 2400px\" \/><\/a><br \/>\nLundi 25 f\u00e9vrier 2019, 14h30, passage Turquetil, Paris 11e. Le soleil, jamais, n&rsquo;avait brill\u00e9 aussi bas. Soleil estival en plein hiver. Soleil d&rsquo;hiver par temps d&rsquo;\u00e9t\u00e9. Autrement dit, jamais les reflets du soleil dans les vitres n&rsquo;ont \u00e9t\u00e9 si hauts.<\/p>\n","protected":false},"excerpt":{"rendered":"<p>Lundi 25 f\u00e9vrier 2019, 14h30, passage Turquetil, Paris 11e. Le soleil, jamais, n&rsquo;avait brill\u00e9 aussi bas. Soleil estival en plein hiver. Soleil d&rsquo;hiver par temps d&rsquo;\u00e9t\u00e9. Autrement dit, jamais les reflets du soleil dans les vitres n&rsquo;ont \u00e9t\u00e9 si hauts.<\/p>\n","protected":false},"author":1,"featured_media":0,"comment_status":"closed","ping_status":"closed","sticky":false,"template":"","format":"standard","meta":{"footnotes":""},"categories":[11,4],"tags":[46,210,85],"class_list":["post-2714","post","type-post","status-publish","format-standard","hentry","category-disposition","category-observation","tag-hiver","tag-reflet","tag-soleil"],"_links":{"self":[{"href":"http:\/\/jlggb.net\/blog6\/wp-json\/wp\/v2\/posts\/2714","targetHints":{"allow":["GET"]}}],"collection":[{"href":"http:\/\/jlggb.net\/blog6\/wp-json\/wp\/v2\/posts"}],"about":[{"href":"http:\/\/jlggb.net\/blog6\/wp-json\/wp\/v2\/types\/post"}],"author":[{"embeddable":true,"href":"http:\/\/jlggb.net\/blog6\/wp-json\/wp\/v2\/users\/1"}],"replies":[{"embeddable":true,"href":"http:\/\/jlggb.net\/blog6\/wp-json\/wp\/v2\/comments?post=2714"}],"version-history":[{"count":7,"href":"http:\/\/jlggb.net\/blog6\/wp-json\/wp\/v2\/posts\/2714\/revisions"}],"predecessor-version":[{"id":2763,"href":"http:\/\/jlggb.net\/blog6\/wp-json\/wp\/v2\/posts\/2714\/revisions\/2763"}],"wp:attachment":[{"href":"http:\/\/jlggb.net\/blog6\/wp-json\/wp\/v2\/media?parent=2714"}],"wp:term":[{"taxonomy":"category","embeddable":true,"href":"http:\/\/jlggb.net\/blog6\/wp-json\/wp\/v2\/categories?post=2714"},{"taxonomy":"post_tag","embeddable":true,"href":"http:\/\/jlggb.net\/blog6\/wp-json\/wp\/v2\/tags?post=2714"}],"curies":[{"name":"wp","href":"https:\/\/api.w.org\/{rel}","templated":true}]}}