{"id":2697,"date":"2019-02-23T16:00:13","date_gmt":"2019-02-23T15:00:13","guid":{"rendered":"http:\/\/jlggb.net\/blog6\/?p=2697"},"modified":"2019-02-25T11:50:50","modified_gmt":"2019-02-25T10:50:50","slug":"musee-national-de-ceramique","status":"publish","type":"post","link":"http:\/\/jlggb.net\/blog6\/2019\/02\/23\/musee-national-de-ceramique\/","title":{"rendered":"Mus\u00e9e national de c\u00e9ramique"},"content":{"rendered":"<p><a href=\"http:\/\/jlggb.net\/blog6\/wp-content\/uploads\/2019\/02\/sevres-gobelet-20190223-jlggb.jpg\" data-rel=\"lightbox-image-0\" data-imagelightbox=\"0\" data-rl_title=\"\" data-rl_caption=\"\" title=\"\"><img loading=\"lazy\" decoding=\"async\" class=\"alignnone size-full wp-image-2698\" src=\"http:\/\/jlggb.net\/blog6\/wp-content\/uploads\/2019\/02\/sevres-gobelet-20190223-jlggb.jpg\" alt=\"\" width=\"640\" height=\"480\" \/><\/a><br \/>\n<a href=\"http:\/\/jlggb.net\/blog6\/wp-content\/uploads\/2019\/02\/assiette-ajouree-sevres-20190223-jlggb.jpg\" data-rel=\"lightbox-image-1\" data-imagelightbox=\"1\" data-rl_title=\"\" data-rl_caption=\"\" title=\"\"><img loading=\"lazy\" decoding=\"async\" class=\"alignnone size-full wp-image-2699\" src=\"http:\/\/jlggb.net\/blog6\/wp-content\/uploads\/2019\/02\/assiette-ajouree-sevres-20190223-jlggb.jpg\" alt=\"\" width=\"640\" height=\"480\" srcset=\"http:\/\/jlggb.net\/blog6\/wp-content\/uploads\/2019\/02\/assiette-ajouree-sevres-20190223-jlggb.jpg 2400w, http:\/\/jlggb.net\/blog6\/wp-content\/uploads\/2019\/02\/assiette-ajouree-sevres-20190223-jlggb-300x225.jpg 300w, http:\/\/jlggb.net\/blog6\/wp-content\/uploads\/2019\/02\/assiette-ajouree-sevres-20190223-jlggb-768x576.jpg 768w, http:\/\/jlggb.net\/blog6\/wp-content\/uploads\/2019\/02\/assiette-ajouree-sevres-20190223-jlggb-1024x768.jpg 1024w, http:\/\/jlggb.net\/blog6\/wp-content\/uploads\/2019\/02\/assiette-ajouree-sevres-20190223-jlggb-150x113.jpg 150w\" sizes=\"auto, (max-width: 640px) 100vw, 640px\" \/><\/a><br \/>\n<a href=\"http:\/\/jlggb.net\/blog6\/wp-content\/uploads\/2019\/02\/sevres-france-20190223-jlggb.jpg\" data-rel=\"lightbox-image-2\" data-imagelightbox=\"2\" data-rl_title=\"\" data-rl_caption=\"\" title=\"\"><img loading=\"lazy\" decoding=\"async\" class=\"alignnone size-full wp-image-2701\" src=\"http:\/\/jlggb.net\/blog6\/wp-content\/uploads\/2019\/02\/sevres-france-20190223-jlggb.jpg\" alt=\"\" width=\"640\" height=\"480\" srcset=\"http:\/\/jlggb.net\/blog6\/wp-content\/uploads\/2019\/02\/sevres-france-20190223-jlggb.jpg 2400w, http:\/\/jlggb.net\/blog6\/wp-content\/uploads\/2019\/02\/sevres-france-20190223-jlggb-300x225.jpg 300w, http:\/\/jlggb.net\/blog6\/wp-content\/uploads\/2019\/02\/sevres-france-20190223-jlggb-768x576.jpg 768w, http:\/\/jlggb.net\/blog6\/wp-content\/uploads\/2019\/02\/sevres-france-20190223-jlggb-1024x768.jpg 1024w, http:\/\/jlggb.net\/blog6\/wp-content\/uploads\/2019\/02\/sevres-france-20190223-jlggb-150x113.jpg 150w\" sizes=\"auto, (max-width: 640px) 100vw, 640px\" \/><\/a><br \/>\nSamedi 23 f\u00e9vrier 2019, 15h \u2014 17h, S\u00e8vres. Au Mus\u00e9e national de c\u00e9ramique, apr\u00e8s le distributeur d&rsquo;eau froide ou ti\u00e8de, gobelet de plastique, deux pi\u00e8ces cama\u00efeu bleu et polychrome, en\u00a0fa\u00efence stannif\u00e8re, au d\u00e9cor de grand feu, Rouen, de Pierre II Chapelle, 1695-1760,\u00a0<em>Plateau octogonal<\/em>, 1706 et <em>Plaque d\u00e9corative<\/em>, vers 1720.<\/p>\n","protected":false},"excerpt":{"rendered":"<p>Samedi 23 f\u00e9vrier 2019, 15h \u2014 17h, S\u00e8vres. Au Mus\u00e9e national de c\u00e9ramique, apr\u00e8s le distributeur d&rsquo;eau froide ou ti\u00e8de, gobelet de plastique, deux pi\u00e8ces cama\u00efeu bleu et polychrome, en\u00a0fa\u00efence stannif\u00e8re, au d\u00e9cor de grand feu, Rouen, de Pierre II Chapelle, 1695-1760,\u00a0Plateau octogonal, 1706 et Plaque d\u00e9corative, vers 1720.<\/p>\n","protected":false},"author":1,"featured_media":0,"comment_status":"closed","ping_status":"closed","sticky":false,"template":"","format":"standard","meta":{"footnotes":""},"categories":[2,94,12],"tags":[173,469,361],"class_list":["post-2697","post","type-post","status-publish","format-standard","hentry","category-collection","category-figuration","category-objectivation","tag-faience","tag-rouen","tag-sevres"],"_links":{"self":[{"href":"http:\/\/jlggb.net\/blog6\/wp-json\/wp\/v2\/posts\/2697","targetHints":{"allow":["GET"]}}],"collection":[{"href":"http:\/\/jlggb.net\/blog6\/wp-json\/wp\/v2\/posts"}],"about":[{"href":"http:\/\/jlggb.net\/blog6\/wp-json\/wp\/v2\/types\/post"}],"author":[{"embeddable":true,"href":"http:\/\/jlggb.net\/blog6\/wp-json\/wp\/v2\/users\/1"}],"replies":[{"embeddable":true,"href":"http:\/\/jlggb.net\/blog6\/wp-json\/wp\/v2\/comments?post=2697"}],"version-history":[{"count":5,"href":"http:\/\/jlggb.net\/blog6\/wp-json\/wp\/v2\/posts\/2697\/revisions"}],"predecessor-version":[{"id":2713,"href":"http:\/\/jlggb.net\/blog6\/wp-json\/wp\/v2\/posts\/2697\/revisions\/2713"}],"wp:attachment":[{"href":"http:\/\/jlggb.net\/blog6\/wp-json\/wp\/v2\/media?parent=2697"}],"wp:term":[{"taxonomy":"category","embeddable":true,"href":"http:\/\/jlggb.net\/blog6\/wp-json\/wp\/v2\/categories?post=2697"},{"taxonomy":"post_tag","embeddable":true,"href":"http:\/\/jlggb.net\/blog6\/wp-json\/wp\/v2\/tags?post=2697"}],"curies":[{"name":"wp","href":"https:\/\/api.w.org\/{rel}","templated":true}]}}