{"id":2649,"date":"2019-02-15T12:30:55","date_gmt":"2019-02-15T11:30:55","guid":{"rendered":"http:\/\/jlggb.net\/blog6\/?p=2649"},"modified":"2024-06-02T00:12:57","modified_gmt":"2024-06-01T23:12:57","slug":"atlas-du-gobelet-molenbeek","status":"publish","type":"post","link":"http:\/\/jlggb.net\/blog6\/2019\/02\/15\/atlas-du-gobelet-molenbeek\/","title":{"rendered":"\u00ab\u00a0Atlas du gobelet\u00a0\u00bb Molenbeek"},"content":{"rendered":"<p><a href=\"http:\/\/jlggb.net\/blog6\/wp-content\/uploads\/2019\/02\/atlas_charbonnages_20190215_01-scaled.jpg\" data-rel=\"lightbox-image-0\" data-imagelightbox=\"0\" data-rl_title=\"\" data-rl_caption=\"\" title=\"\"><img loading=\"lazy\" decoding=\"async\" class=\"alignnone size-full wp-image-4719\" src=\"http:\/\/jlggb.net\/blog6\/wp-content\/uploads\/2019\/02\/atlas_charbonnages_20190215_01-scaled.jpg\" alt=\"\" width=\"640\" height=\"480\" srcset=\"http:\/\/jlggb.net\/blog6\/wp-content\/uploads\/2019\/02\/atlas_charbonnages_20190215_01-scaled.jpg 2560w, http:\/\/jlggb.net\/blog6\/wp-content\/uploads\/2019\/02\/atlas_charbonnages_20190215_01-300x225.jpg 300w, http:\/\/jlggb.net\/blog6\/wp-content\/uploads\/2019\/02\/atlas_charbonnages_20190215_01-1024x768.jpg 1024w, http:\/\/jlggb.net\/blog6\/wp-content\/uploads\/2019\/02\/atlas_charbonnages_20190215_01-768x576.jpg 768w, http:\/\/jlggb.net\/blog6\/wp-content\/uploads\/2019\/02\/atlas_charbonnages_20190215_01-1536x1152.jpg 1536w, http:\/\/jlggb.net\/blog6\/wp-content\/uploads\/2019\/02\/atlas_charbonnages_20190215_01-2048x1536.jpg 2048w, http:\/\/jlggb.net\/blog6\/wp-content\/uploads\/2019\/02\/atlas_charbonnages_20190215_01-150x113.jpg 150w\" sizes=\"auto, (max-width: 640px) 100vw, 640px\" \/><\/a><br \/>\n<a href=\"http:\/\/jlggb.net\/blog6\/wp-content\/uploads\/2019\/02\/atlas_charbonnages_20190215_02-scaled.jpg\" data-rel=\"lightbox-image-1\" data-imagelightbox=\"1\" data-rl_title=\"\" data-rl_caption=\"\" title=\"\"><img loading=\"lazy\" decoding=\"async\" class=\"alignnone size-full wp-image-4720\" src=\"http:\/\/jlggb.net\/blog6\/wp-content\/uploads\/2019\/02\/atlas_charbonnages_20190215_02-scaled.jpg\" alt=\"\" width=\"640\" height=\"480\" srcset=\"http:\/\/jlggb.net\/blog6\/wp-content\/uploads\/2019\/02\/atlas_charbonnages_20190215_02-scaled.jpg 2560w, http:\/\/jlggb.net\/blog6\/wp-content\/uploads\/2019\/02\/atlas_charbonnages_20190215_02-300x225.jpg 300w, http:\/\/jlggb.net\/blog6\/wp-content\/uploads\/2019\/02\/atlas_charbonnages_20190215_02-1024x768.jpg 1024w, http:\/\/jlggb.net\/blog6\/wp-content\/uploads\/2019\/02\/atlas_charbonnages_20190215_02-768x576.jpg 768w, http:\/\/jlggb.net\/blog6\/wp-content\/uploads\/2019\/02\/atlas_charbonnages_20190215_02-1536x1152.jpg 1536w, http:\/\/jlggb.net\/blog6\/wp-content\/uploads\/2019\/02\/atlas_charbonnages_20190215_02-2048x1536.jpg 2048w, http:\/\/jlggb.net\/blog6\/wp-content\/uploads\/2019\/02\/atlas_charbonnages_20190215_02-150x113.jpg 150w\" sizes=\"auto, (max-width: 640px) 100vw, 640px\" \/><\/a><br \/>\nVendredi 15 f\u00e9vrier 2019, 12h30, place Sainctelette, quai des Charbonnages, Molenbeek-Saint-Jean, Bruxelles. En carton, orange, dans un va-et-vient circulaire des coups de vent, sous un soleil violent, avec une lumi\u00e8re r\u00e9fl\u00e9chie : Atlas du gobelet. Voir 2024 : <a href=\"https:\/\/jlggb.net\/blog9\/2024\/05\/20\/quai-des-charbonnages-atlas-du-gobelet\/\">https:\/\/jlggb.net\/blog9\/2024\/05\/20\/quai-des-charbonnages-atlas-du-gobelet\/<\/a>. Remarques : le b\u00e2timent rouge au fond \u00e0 gauche est Kanal, futur mus\u00e9e Pompidou ? On aper\u00e7oit \u00e0 droite la statue de l&rsquo;<em>Agent 15<\/em>, d&rsquo;apr\u00e8s la s\u00e9rie <em>Quick et Flupke<\/em> de Herg\u00e9, qui se fait attraper le pied par un \u00ab vaartkapoen \u00bb, un coquin du canal qui sort d&rsquo;une bouche d&rsquo;\u00e9gout.<\/p>\n<p>&nbsp;<\/p>\n<p>&nbsp;<\/p>\n","protected":false},"excerpt":{"rendered":"<p>Vendredi 15 f\u00e9vrier 2019, 12h30, place Sainctelette, quai des Charbonnages, Molenbeek-Saint-Jean, Bruxelles. En carton, orange, dans un va-et-vient circulaire des coups de vent, sous un soleil violent, avec une lumi\u00e8re r\u00e9fl\u00e9chie : Atlas du gobelet. Voir 2024 : https:\/\/jlggb.net\/blog9\/2024\/05\/20\/quai-des-charbonnages-atlas-du-gobelet\/. Remarques : le b\u00e2timent rouge au fond \u00e0 gauche est Kanal, futur mus\u00e9e Pompidou ? On &hellip; <a href=\"http:\/\/jlggb.net\/blog6\/2019\/02\/15\/atlas-du-gobelet-molenbeek\/\" class=\"more-link\">Continuer la lecture de <span class=\"screen-reader-text\">\u00ab\u00a0Atlas du gobelet\u00a0\u00bb Molenbeek<\/span><\/a><\/p>\n","protected":false},"author":1,"featured_media":0,"comment_status":"closed","ping_status":"closed","sticky":false,"template":"","format":"standard","meta":{"footnotes":""},"categories":[2,8,12],"tags":[458,227,373],"class_list":["post-2649","post","type-post","status-publish","format-standard","hentry","category-collection","category-memorisation","category-objectivation","tag-bruxelles","tag-gobelet","tag-vent"],"_links":{"self":[{"href":"http:\/\/jlggb.net\/blog6\/wp-json\/wp\/v2\/posts\/2649","targetHints":{"allow":["GET"]}}],"collection":[{"href":"http:\/\/jlggb.net\/blog6\/wp-json\/wp\/v2\/posts"}],"about":[{"href":"http:\/\/jlggb.net\/blog6\/wp-json\/wp\/v2\/types\/post"}],"author":[{"embeddable":true,"href":"http:\/\/jlggb.net\/blog6\/wp-json\/wp\/v2\/users\/1"}],"replies":[{"embeddable":true,"href":"http:\/\/jlggb.net\/blog6\/wp-json\/wp\/v2\/comments?post=2649"}],"version-history":[{"count":16,"href":"http:\/\/jlggb.net\/blog6\/wp-json\/wp\/v2\/posts\/2649\/revisions"}],"predecessor-version":[{"id":4728,"href":"http:\/\/jlggb.net\/blog6\/wp-json\/wp\/v2\/posts\/2649\/revisions\/4728"}],"wp:attachment":[{"href":"http:\/\/jlggb.net\/blog6\/wp-json\/wp\/v2\/media?parent=2649"}],"wp:term":[{"taxonomy":"category","embeddable":true,"href":"http:\/\/jlggb.net\/blog6\/wp-json\/wp\/v2\/categories?post=2649"},{"taxonomy":"post_tag","embeddable":true,"href":"http:\/\/jlggb.net\/blog6\/wp-json\/wp\/v2\/tags?post=2649"}],"curies":[{"name":"wp","href":"https:\/\/api.w.org\/{rel}","templated":true}]}}