{"id":247,"date":"2018-01-06T22:30:32","date_gmt":"2018-01-06T21:30:32","guid":{"rendered":"http:\/\/jlggb.net\/blog6\/?p=247"},"modified":"2018-01-09T00:13:48","modified_gmt":"2018-01-08T23:13:48","slug":"contreforme","status":"publish","type":"post","link":"http:\/\/jlggb.net\/blog6\/2018\/01\/06\/contreforme\/","title":{"rendered":"Contreforme"},"content":{"rendered":"<p><a href=\"http:\/\/jlggb.net\/blog6\/wp-content\/uploads\/2018\/01\/chene-kerguehennec-20180106.jpg\" data-rel=\"lightbox-image-0\" data-imagelightbox=\"0\" data-rl_title=\"\" data-rl_caption=\"\" title=\"\"><img loading=\"lazy\" decoding=\"async\" src=\"http:\/\/jlggb.net\/blog6\/wp-content\/uploads\/2018\/01\/chene-kerguehennec-20180106.jpg\" class=\"alignnone wp-image-248 size-full\" height=\"480\" alt=\"\" width=\"640\" srcset=\"http:\/\/jlggb.net\/blog6\/wp-content\/uploads\/2018\/01\/chene-kerguehennec-20180106.jpg 2000w, http:\/\/jlggb.net\/blog6\/wp-content\/uploads\/2018\/01\/chene-kerguehennec-20180106-300x225.jpg 300w, http:\/\/jlggb.net\/blog6\/wp-content\/uploads\/2018\/01\/chene-kerguehennec-20180106-768x576.jpg 768w, http:\/\/jlggb.net\/blog6\/wp-content\/uploads\/2018\/01\/chene-kerguehennec-20180106-1024x768.jpg 1024w, http:\/\/jlggb.net\/blog6\/wp-content\/uploads\/2018\/01\/chene-kerguehennec-20180106-150x113.jpg 150w\" sizes=\"auto, (max-width: 640px) 100vw, 640px\" \/><\/a><br \/>\nSamedi 6 janvier 2018, 22h30, 93bis. Cueillies le 21 juillet 2017 dans l\u2019arboretum du domaine de Kergu\u00e9hennec, ces feuilles sont d&rsquo;un <em>quercus coccina<\/em>, scarlet oak, ch\u00eane \u00e9carlate. On dit que cette esp\u00e8ce d&rsquo;Am\u00e9rique du nord fut introduite dans des parcs d&rsquo;Europe \u00e0 la fin du XVIIIe si\u00e8cle. Les feuilles de ch\u00eane sont ordinairement associ\u00e9es \u00e0 la rondeur de leurs lobes. Ici, tout se passe comme si elles r\u00e9sultaient d&rsquo;un d\u00e9coupage dont elles seraient les chutes.<\/p>\n","protected":false},"excerpt":{"rendered":"<p>Samedi 6 janvier 2018, 22h30, 93bis. Cueillies le 21 juillet 2017 dans l\u2019arboretum du domaine de Kergu\u00e9hennec, ces feuilles sont d&rsquo;un quercus coccina, scarlet oak, ch\u00eane \u00e9carlate. On dit que cette esp\u00e8ce d&rsquo;Am\u00e9rique du nord fut introduite dans des parcs d&rsquo;Europe \u00e0 la fin du XVIIIe si\u00e8cle. Les feuilles de ch\u00eane sont ordinairement associ\u00e9es \u00e0 &hellip; <a href=\"http:\/\/jlggb.net\/blog6\/2018\/01\/06\/contreforme\/\" class=\"more-link\">Continuer la lecture de <span class=\"screen-reader-text\">Contreforme<\/span><\/a><\/p>\n","protected":false},"author":1,"featured_media":0,"comment_status":"closed","ping_status":"closed","sticky":false,"template":"","format":"standard","meta":{"footnotes":""},"categories":[2,5,6],"tags":[78,42,79],"class_list":["post-247","post","type-post","status-publish","format-standard","hentry","category-collection","category-construction","category-notation","tag-chene","tag-feuille","tag-forme"],"_links":{"self":[{"href":"http:\/\/jlggb.net\/blog6\/wp-json\/wp\/v2\/posts\/247","targetHints":{"allow":["GET"]}}],"collection":[{"href":"http:\/\/jlggb.net\/blog6\/wp-json\/wp\/v2\/posts"}],"about":[{"href":"http:\/\/jlggb.net\/blog6\/wp-json\/wp\/v2\/types\/post"}],"author":[{"embeddable":true,"href":"http:\/\/jlggb.net\/blog6\/wp-json\/wp\/v2\/users\/1"}],"replies":[{"embeddable":true,"href":"http:\/\/jlggb.net\/blog6\/wp-json\/wp\/v2\/comments?post=247"}],"version-history":[{"count":15,"href":"http:\/\/jlggb.net\/blog6\/wp-json\/wp\/v2\/posts\/247\/revisions"}],"predecessor-version":[{"id":269,"href":"http:\/\/jlggb.net\/blog6\/wp-json\/wp\/v2\/posts\/247\/revisions\/269"}],"wp:attachment":[{"href":"http:\/\/jlggb.net\/blog6\/wp-json\/wp\/v2\/media?parent=247"}],"wp:term":[{"taxonomy":"category","embeddable":true,"href":"http:\/\/jlggb.net\/blog6\/wp-json\/wp\/v2\/categories?post=247"},{"taxonomy":"post_tag","embeddable":true,"href":"http:\/\/jlggb.net\/blog6\/wp-json\/wp\/v2\/tags?post=247"}],"curies":[{"name":"wp","href":"https:\/\/api.w.org\/{rel}","templated":true}]}}