{"id":2076,"date":"2018-11-16T23:00:36","date_gmt":"2018-11-16T21:00:36","guid":{"rendered":"http:\/\/jlggb.net\/blog6\/?p=2076"},"modified":"2018-11-20T01:05:46","modified_gmt":"2018-11-19T23:05:46","slug":"sur-scene","status":"publish","type":"post","link":"http:\/\/jlggb.net\/blog6\/2018\/11\/16\/sur-scene\/","title":{"rendered":"Sur le plateau"},"content":{"rendered":"<p><a href=\"http:\/\/jlggb.net\/blog6\/wp-content\/uploads\/2018\/11\/vidy-livre-20181116-jlggb.jpg\" data-rel=\"lightbox-image-0\" data-imagelightbox=\"0\" data-rl_title=\"\" data-rl_caption=\"\" title=\"\"><img loading=\"lazy\" decoding=\"async\" class=\"alignnone size-full wp-image-2077\" src=\"http:\/\/jlggb.net\/blog6\/wp-content\/uploads\/2018\/11\/vidy-livre-20181116-jlggb.jpg\" alt=\"\" width=\"640\" height=\"480\" srcset=\"http:\/\/jlggb.net\/blog6\/wp-content\/uploads\/2018\/11\/vidy-livre-20181116-jlggb.jpg 2400w, http:\/\/jlggb.net\/blog6\/wp-content\/uploads\/2018\/11\/vidy-livre-20181116-jlggb-300x225.jpg 300w, http:\/\/jlggb.net\/blog6\/wp-content\/uploads\/2018\/11\/vidy-livre-20181116-jlggb-768x576.jpg 768w, http:\/\/jlggb.net\/blog6\/wp-content\/uploads\/2018\/11\/vidy-livre-20181116-jlggb-1024x768.jpg 1024w, http:\/\/jlggb.net\/blog6\/wp-content\/uploads\/2018\/11\/vidy-livre-20181116-jlggb-150x113.jpg 150w\" sizes=\"auto, (max-width: 640px) 100vw, 640px\" \/><\/a><br \/>\nVendredi 16 novembre 2018, 21h30-23h, Th\u00e9\u00e2tre de Vidy, Lausanne. Associant le vertical et l&rsquo;horizontal,\u00a0<em>Le Livre d&rsquo;image<\/em> s&rsquo;expose sur sc\u00e8ne, comme le \u00ab film de chambre \u00bb qu&rsquo;il est. Il est dit que le d\u00e9cor a \u00e9t\u00e9 mis en place par Godard avec des meubles et des tableaux qui viennent de chez lui. Que, dans la commode, est rest\u00e9e une paire de chaussettes roul\u00e9es. Nicole Brenez va commenter : \u00ab\u00a0C&rsquo;est comme Stroheim qui pour plus de v\u00e9racit\u00e9 remplissait les tiroirs de ses d\u00e9cors d&rsquo;accessoires destin\u00e9s \u00e0 rester invisibles. \u00bb. Devant l&rsquo;\u00e9cran, le livre <em>Images en paroles<\/em>, d&rsquo;Anne-Marie Mi\u00e9ville. Le tapis qui est pr\u00e8s de moi fait un pli qui me d\u00e9range, je le remets \u00e0 plat. Fabrice Aragno dira :\u00a0\u00ab\u00a0C&rsquo;est lui qui a d\u00e9cid\u00e9 des plis dans les tapis.\u00a0\u00bb Ce sont les indices des violences aux belles couleurs vives qui vont immanquablement nous marquer.<\/p>\n","protected":false},"excerpt":{"rendered":"<p>Vendredi 16 novembre 2018, 21h30-23h, Th\u00e9\u00e2tre de Vidy, Lausanne. Associant le vertical et l&rsquo;horizontal,\u00a0Le Livre d&rsquo;image s&rsquo;expose sur sc\u00e8ne, comme le \u00ab film de chambre \u00bb qu&rsquo;il est. Il est dit que le d\u00e9cor a \u00e9t\u00e9 mis en place par Godard avec des meubles et des tableaux qui viennent de chez lui. Que, dans la &hellip; <a href=\"http:\/\/jlggb.net\/blog6\/2018\/11\/16\/sur-scene\/\" class=\"more-link\">Continuer la lecture de <span class=\"screen-reader-text\">Sur le plateau<\/span><\/a><\/p>\n","protected":false},"author":1,"featured_media":0,"comment_status":"closed","ping_status":"closed","sticky":false,"template":"","format":"standard","meta":{"footnotes":""},"categories":[11,7],"tags":[277,393],"class_list":["post-2076","post","type-post","status-publish","format-standard","hentry","category-disposition","category-enonciation","tag-jean-luc-godard","tag-vidy"],"_links":{"self":[{"href":"http:\/\/jlggb.net\/blog6\/wp-json\/wp\/v2\/posts\/2076","targetHints":{"allow":["GET"]}}],"collection":[{"href":"http:\/\/jlggb.net\/blog6\/wp-json\/wp\/v2\/posts"}],"about":[{"href":"http:\/\/jlggb.net\/blog6\/wp-json\/wp\/v2\/types\/post"}],"author":[{"embeddable":true,"href":"http:\/\/jlggb.net\/blog6\/wp-json\/wp\/v2\/users\/1"}],"replies":[{"embeddable":true,"href":"http:\/\/jlggb.net\/blog6\/wp-json\/wp\/v2\/comments?post=2076"}],"version-history":[{"count":12,"href":"http:\/\/jlggb.net\/blog6\/wp-json\/wp\/v2\/posts\/2076\/revisions"}],"predecessor-version":[{"id":2089,"href":"http:\/\/jlggb.net\/blog6\/wp-json\/wp\/v2\/posts\/2076\/revisions\/2089"}],"wp:attachment":[{"href":"http:\/\/jlggb.net\/blog6\/wp-json\/wp\/v2\/media?parent=2076"}],"wp:term":[{"taxonomy":"category","embeddable":true,"href":"http:\/\/jlggb.net\/blog6\/wp-json\/wp\/v2\/categories?post=2076"},{"taxonomy":"post_tag","embeddable":true,"href":"http:\/\/jlggb.net\/blog6\/wp-json\/wp\/v2\/tags?post=2076"}],"curies":[{"name":"wp","href":"https:\/\/api.w.org\/{rel}","templated":true}]}}