{"id":1789,"date":"2018-09-24T16:00:50","date_gmt":"2018-09-24T14:00:50","guid":{"rendered":"http:\/\/jlggb.net\/blog6\/?p=1789"},"modified":"2018-10-09T00:36:00","modified_gmt":"2018-10-08T22:36:00","slug":"nation-refection","status":"publish","type":"post","link":"http:\/\/jlggb.net\/blog6\/2018\/09\/24\/nation-refection\/","title":{"rendered":"Nation r\u00e9fection"},"content":{"rendered":"<p><a href=\"http:\/\/jlggb.net\/blog6\/wp-content\/uploads\/2018\/10\/nation_refection_20180924_jlggb.jpg\" data-rel=\"lightbox-image-0\" data-imagelightbox=\"0\" data-rl_title=\"\" data-rl_caption=\"\" title=\"\"><img loading=\"lazy\" decoding=\"async\" src=\"http:\/\/jlggb.net\/blog6\/wp-content\/uploads\/2018\/10\/nation_refection_20180924_jlggb.jpg\" alt=\"\" width=\"640\" height=\"480\" class=\"alignnone size-full wp-image-1855\" srcset=\"http:\/\/jlggb.net\/blog6\/wp-content\/uploads\/2018\/10\/nation_refection_20180924_jlggb.jpg 2400w, http:\/\/jlggb.net\/blog6\/wp-content\/uploads\/2018\/10\/nation_refection_20180924_jlggb-300x225.jpg 300w, http:\/\/jlggb.net\/blog6\/wp-content\/uploads\/2018\/10\/nation_refection_20180924_jlggb-768x576.jpg 768w, http:\/\/jlggb.net\/blog6\/wp-content\/uploads\/2018\/10\/nation_refection_20180924_jlggb-1024x768.jpg 1024w, http:\/\/jlggb.net\/blog6\/wp-content\/uploads\/2018\/10\/nation_refection_20180924_jlggb-150x113.jpg 150w\" sizes=\"auto, (max-width: 640px) 100vw, 640px\" \/><\/a><br \/>\nLundi 24 septembre 2018, 16h, place de la nation, Paris. Il est dit que la d\u00e9pense totale pour la r\u00e9novation des grandes places parisiennes <em>intra muros<\/em> sera inf\u00e9rieure \u00e0 ce qu&rsquo;a co\u00fbt\u00e9 la transformation de la R\u00e9publique. Il est temps que la nation se r\u00e9tablisse. Pour l&rsquo;instant, les trottoirs et les passages pour les pi\u00e9tons et v\u00e9los sont quelque peu augment\u00e9s, mais \u00e0 l&rsquo;ancienne. Ce ne sera pas une r\u00e9volution.<\/p>\n","protected":false},"excerpt":{"rendered":"<p>Lundi 24 septembre 2018, 16h, place de la nation, Paris. Il est dit que la d\u00e9pense totale pour la r\u00e9novation des grandes places parisiennes intra muros sera inf\u00e9rieure \u00e0 ce qu&rsquo;a co\u00fbt\u00e9 la transformation de la R\u00e9publique. Il est temps que la nation se r\u00e9tablisse. Pour l&rsquo;instant, les trottoirs et les passages pour les pi\u00e9tons &hellip; <a href=\"http:\/\/jlggb.net\/blog6\/2018\/09\/24\/nation-refection\/\" class=\"more-link\">Continuer la lecture de <span class=\"screen-reader-text\">Nation r\u00e9fection<\/span><\/a><\/p>\n","protected":false},"author":1,"featured_media":0,"comment_status":"closed","ping_status":"closed","sticky":false,"template":"","format":"standard","meta":{"footnotes":""},"categories":[4,16],"tags":[188,348,219,349],"class_list":["post-1789","post","type-post","status-publish","format-standard","hentry","category-observation","category-transposition","tag-nation","tag-place","tag-rue","tag-travaux"],"_links":{"self":[{"href":"http:\/\/jlggb.net\/blog6\/wp-json\/wp\/v2\/posts\/1789","targetHints":{"allow":["GET"]}}],"collection":[{"href":"http:\/\/jlggb.net\/blog6\/wp-json\/wp\/v2\/posts"}],"about":[{"href":"http:\/\/jlggb.net\/blog6\/wp-json\/wp\/v2\/types\/post"}],"author":[{"embeddable":true,"href":"http:\/\/jlggb.net\/blog6\/wp-json\/wp\/v2\/users\/1"}],"replies":[{"embeddable":true,"href":"http:\/\/jlggb.net\/blog6\/wp-json\/wp\/v2\/comments?post=1789"}],"version-history":[{"count":9,"href":"http:\/\/jlggb.net\/blog6\/wp-json\/wp\/v2\/posts\/1789\/revisions"}],"predecessor-version":[{"id":1856,"href":"http:\/\/jlggb.net\/blog6\/wp-json\/wp\/v2\/posts\/1789\/revisions\/1856"}],"wp:attachment":[{"href":"http:\/\/jlggb.net\/blog6\/wp-json\/wp\/v2\/media?parent=1789"}],"wp:term":[{"taxonomy":"category","embeddable":true,"href":"http:\/\/jlggb.net\/blog6\/wp-json\/wp\/v2\/categories?post=1789"},{"taxonomy":"post_tag","embeddable":true,"href":"http:\/\/jlggb.net\/blog6\/wp-json\/wp\/v2\/tags?post=1789"}],"curies":[{"name":"wp","href":"https:\/\/api.w.org\/{rel}","templated":true}]}}