{"id":1737,"date":"2018-09-17T01:00:07","date_gmt":"2018-09-16T23:00:07","guid":{"rendered":"http:\/\/jlggb.net\/blog6\/?p=1737"},"modified":"2018-09-22T01:34:58","modified_gmt":"2018-09-21T23:34:58","slug":"le-portrait","status":"publish","type":"post","link":"http:\/\/jlggb.net\/blog6\/2018\/09\/17\/le-portrait\/","title":{"rendered":"Son portrait"},"content":{"rendered":"<p><a href=\"http:\/\/jlggb.net\/blog6\/wp-content\/uploads\/2018\/09\/emma-echaillon-1961-20180916-jlggb.jpg\" data-rel=\"lightbox-image-0\" data-imagelightbox=\"0\" data-rl_title=\"\" data-rl_caption=\"\" title=\"\"><img loading=\"lazy\" decoding=\"async\" class=\"alignnone wp-image-1738\" src=\"http:\/\/jlggb.net\/blog6\/wp-content\/uploads\/2018\/09\/emma-echaillon-1961-20180916-jlggb.jpg\" alt=\"\" width=\"640\" height=\"960\" srcset=\"http:\/\/jlggb.net\/blog6\/wp-content\/uploads\/2018\/09\/emma-echaillon-1961-20180916-jlggb.jpg 2400w, http:\/\/jlggb.net\/blog6\/wp-content\/uploads\/2018\/09\/emma-echaillon-1961-20180916-jlggb-200x300.jpg 200w, http:\/\/jlggb.net\/blog6\/wp-content\/uploads\/2018\/09\/emma-echaillon-1961-20180916-jlggb-768x1152.jpg 768w, http:\/\/jlggb.net\/blog6\/wp-content\/uploads\/2018\/09\/emma-echaillon-1961-20180916-jlggb-683x1024.jpg 683w, http:\/\/jlggb.net\/blog6\/wp-content\/uploads\/2018\/09\/emma-echaillon-1961-20180916-jlggb-100x150.jpg 100w\" sizes=\"auto, (max-width: 640px) 100vw, 640px\" \/><\/a><br \/>\nLundi 17 septembre 2018, 01h, 93bis. Le 17 septembre est son anniversaire. Au tout d\u00e9but de l&rsquo;ann\u00e9e 1961, nous faisons en famille une promenade depuis Valence, dans le Vercors, au-dessus de L\u00e9oncel, en direction du Col de la Bataille, dans la for\u00eat de l&rsquo;Echaillon. Elle \u00e9coute un oiseau et reste car elle sait que je fais d&rsquo;elle un portrait. Lorsque cette photo fut d\u00e9velopp\u00e9e et agrandie, je fus heureux de sa r\u00e9ussite et elle me resta en m\u00e9moire comme un commencement confort\u00e9 par ma m\u00e8re. J&rsquo;inaugurais un appareil photo qui marquait ma volont\u00e9 d&rsquo;\u00eatre photographe, un 24&#215;36 reflex \u00e0 objectif interchangeable, Ihagee Exa II, fabriqu\u00e9 \u00e0 Dresde, achet\u00e9 avec ce que j&rsquo;avais gagn\u00e9 en travaillant  deux ann\u00e9es de suite pendant les vacances dans le laboratoire de Michel Sarles. Voir \u00ab\u00a0Fragment autobiographique n\u00b01 \u00bb <a href=\"http:\/\/jlggb.net\/blog4\/?p=455\" rel=\"noopener\" target=\"_blank\">http:\/\/jlggb.net\/blog4\/?p=455<\/a><\/p>\n","protected":false},"excerpt":{"rendered":"<p>Lundi 17 septembre 2018, 01h, 93bis. Le 17 septembre est son anniversaire. Au tout d\u00e9but de l&rsquo;ann\u00e9e 1961, nous faisons en famille une promenade depuis Valence, dans le Vercors, au-dessus de L\u00e9oncel, en direction du Col de la Bataille, dans la for\u00eat de l&rsquo;Echaillon. Elle \u00e9coute un oiseau et reste car elle sait que je &hellip; <a href=\"http:\/\/jlggb.net\/blog6\/2018\/09\/17\/le-portrait\/\" class=\"more-link\">Continuer la lecture de <span class=\"screen-reader-text\">Son portrait<\/span><\/a><\/p>\n","protected":false},"author":1,"featured_media":0,"comment_status":"closed","ping_status":"closed","sticky":false,"template":"","format":"standard","meta":{"footnotes":""},"categories":[11,8],"tags":[61,117],"class_list":["post-1737","post","type-post","status-publish","format-standard","hentry","category-disposition","category-memorisation","tag-photographie","tag-vercors"],"_links":{"self":[{"href":"http:\/\/jlggb.net\/blog6\/wp-json\/wp\/v2\/posts\/1737","targetHints":{"allow":["GET"]}}],"collection":[{"href":"http:\/\/jlggb.net\/blog6\/wp-json\/wp\/v2\/posts"}],"about":[{"href":"http:\/\/jlggb.net\/blog6\/wp-json\/wp\/v2\/types\/post"}],"author":[{"embeddable":true,"href":"http:\/\/jlggb.net\/blog6\/wp-json\/wp\/v2\/users\/1"}],"replies":[{"embeddable":true,"href":"http:\/\/jlggb.net\/blog6\/wp-json\/wp\/v2\/comments?post=1737"}],"version-history":[{"count":10,"href":"http:\/\/jlggb.net\/blog6\/wp-json\/wp\/v2\/posts\/1737\/revisions"}],"predecessor-version":[{"id":1748,"href":"http:\/\/jlggb.net\/blog6\/wp-json\/wp\/v2\/posts\/1737\/revisions\/1748"}],"wp:attachment":[{"href":"http:\/\/jlggb.net\/blog6\/wp-json\/wp\/v2\/media?parent=1737"}],"wp:term":[{"taxonomy":"category","embeddable":true,"href":"http:\/\/jlggb.net\/blog6\/wp-json\/wp\/v2\/categories?post=1737"},{"taxonomy":"post_tag","embeddable":true,"href":"http:\/\/jlggb.net\/blog6\/wp-json\/wp\/v2\/tags?post=1737"}],"curies":[{"name":"wp","href":"https:\/\/api.w.org\/{rel}","templated":true}]}}