{"id":1500,"date":"2018-08-11T16:00:45","date_gmt":"2018-08-11T14:00:45","guid":{"rendered":"http:\/\/jlggb.net\/blog6\/?p=1500"},"modified":"2018-08-14T12:01:20","modified_gmt":"2018-08-14T10:01:20","slug":"un-indiscret","status":"publish","type":"post","link":"http:\/\/jlggb.net\/blog6\/2018\/08\/11\/un-indiscret\/","title":{"rendered":"Un indiscret"},"content":{"rendered":"<p><a href=\"http:\/\/jlggb.net\/blog6\/wp-content\/uploads\/2018\/08\/mad-indiscret-20180811.jpg\" data-rel=\"lightbox-image-0\" data-imagelightbox=\"0\" data-rl_title=\"\" data-rl_caption=\"\" title=\"\"><img loading=\"lazy\" decoding=\"async\" src=\"http:\/\/jlggb.net\/blog6\/wp-content\/uploads\/2018\/08\/mad-indiscret-20180811.jpg\" class=\"alignnone size-full wp-image-1501\" height=\"480\" alt=\"\" width=\"640\" srcset=\"http:\/\/jlggb.net\/blog6\/wp-content\/uploads\/2018\/08\/mad-indiscret-20180811.jpg 2000w, http:\/\/jlggb.net\/blog6\/wp-content\/uploads\/2018\/08\/mad-indiscret-20180811-300x225.jpg 300w, http:\/\/jlggb.net\/blog6\/wp-content\/uploads\/2018\/08\/mad-indiscret-20180811-768x576.jpg 768w, http:\/\/jlggb.net\/blog6\/wp-content\/uploads\/2018\/08\/mad-indiscret-20180811-1024x768.jpg 1024w, http:\/\/jlggb.net\/blog6\/wp-content\/uploads\/2018\/08\/mad-indiscret-20180811-150x113.jpg 150w\" sizes=\"auto, (max-width: 640px) 100vw, 640px\" \/><\/a><br \/>\nSamedi 11 ao\u00fbt 2018, 16h, Mus\u00e9e des arts d\u00e9coratifs, Paris. Dans les collections du Second Empire, un <em>indiscret<\/em>, Benjamin Deguil, Benjamin-Paul Ramillon, fabricants, bois dor\u00e9 et sculpt\u00e9, damas de soie, d\u00e9p\u00f4t du Mobilier national.<\/p>\n","protected":false},"excerpt":{"rendered":"<p>Samedi 11 ao\u00fbt 2018, 16h, Mus\u00e9e des arts d\u00e9coratifs, Paris. Dans les collections du Second Empire, un indiscret, Benjamin Deguil, Benjamin-Paul Ramillon, fabricants, bois dor\u00e9 et sculpt\u00e9, damas de soie, d\u00e9p\u00f4t du Mobilier national.<\/p>\n","protected":false},"author":1,"featured_media":0,"comment_status":"closed","ping_status":"closed","sticky":false,"template":"","format":"standard","meta":{"footnotes":""},"categories":[5,8],"tags":[312,311,313],"class_list":["post-1500","post","type-post","status-publish","format-standard","hentry","category-construction","category-memorisation","tag-arts-decoratifs","tag-fauteuil","tag-xixe-siecle"],"_links":{"self":[{"href":"http:\/\/jlggb.net\/blog6\/wp-json\/wp\/v2\/posts\/1500","targetHints":{"allow":["GET"]}}],"collection":[{"href":"http:\/\/jlggb.net\/blog6\/wp-json\/wp\/v2\/posts"}],"about":[{"href":"http:\/\/jlggb.net\/blog6\/wp-json\/wp\/v2\/types\/post"}],"author":[{"embeddable":true,"href":"http:\/\/jlggb.net\/blog6\/wp-json\/wp\/v2\/users\/1"}],"replies":[{"embeddable":true,"href":"http:\/\/jlggb.net\/blog6\/wp-json\/wp\/v2\/comments?post=1500"}],"version-history":[{"count":6,"href":"http:\/\/jlggb.net\/blog6\/wp-json\/wp\/v2\/posts\/1500\/revisions"}],"predecessor-version":[{"id":1522,"href":"http:\/\/jlggb.net\/blog6\/wp-json\/wp\/v2\/posts\/1500\/revisions\/1522"}],"wp:attachment":[{"href":"http:\/\/jlggb.net\/blog6\/wp-json\/wp\/v2\/media?parent=1500"}],"wp:term":[{"taxonomy":"category","embeddable":true,"href":"http:\/\/jlggb.net\/blog6\/wp-json\/wp\/v2\/categories?post=1500"},{"taxonomy":"post_tag","embeddable":true,"href":"http:\/\/jlggb.net\/blog6\/wp-json\/wp\/v2\/tags?post=1500"}],"curies":[{"name":"wp","href":"https:\/\/api.w.org\/{rel}","templated":true}]}}