{"id":1147,"date":"2018-06-15T09:40:35","date_gmt":"2018-06-15T07:40:35","guid":{"rendered":"http:\/\/jlggb.net\/blog6\/?p=1147"},"modified":"2020-10-05T21:53:34","modified_gmt":"2020-10-05T20:53:34","slug":"mobile","status":"publish","type":"post","link":"http:\/\/jlggb.net\/blog6\/2018\/06\/15\/mobile\/","title":{"rendered":"Mobile"},"content":{"rendered":"<p><a href=\"http:\/\/jlggb.net\/blog6\/wp-content\/uploads\/2018\/06\/manifesta-video-mobile-20180615.jpg\" data-rel=\"lightbox-image-0\" data-imagelightbox=\"0\" data-rl_title=\"\" data-rl_caption=\"\" title=\"\"><img loading=\"lazy\" decoding=\"async\" class=\"size-full wp-image-1148\" src=\"http:\/\/jlggb.net\/blog6\/wp-content\/uploads\/2018\/06\/manifesta-video-mobile-20180615.jpg\" alt=\"\" width=\"640\" height=\"480\" srcset=\"http:\/\/jlggb.net\/blog6\/wp-content\/uploads\/2018\/06\/manifesta-video-mobile-20180615.jpg 2400w, http:\/\/jlggb.net\/blog6\/wp-content\/uploads\/2018\/06\/manifesta-video-mobile-20180615-300x225.jpg 300w, http:\/\/jlggb.net\/blog6\/wp-content\/uploads\/2018\/06\/manifesta-video-mobile-20180615-768x576.jpg 768w, http:\/\/jlggb.net\/blog6\/wp-content\/uploads\/2018\/06\/manifesta-video-mobile-20180615-1024x768.jpg 1024w, http:\/\/jlggb.net\/blog6\/wp-content\/uploads\/2018\/06\/manifesta-video-mobile-20180615-150x113.jpg 150w\" sizes=\"auto, (max-width: 640px) 100vw, 640px\" \/><\/a><br \/>\nVendredi 15 juin, 9h40, Palerme. Le Palazzo Costantino, riche b\u00e2timent du XVIIe si\u00e8cle, fut r\u00e9quisitionn\u00e9 par les troupes allemandes puis par les alli\u00e9s au cours de la seconde guerre mondiale, puis abandonn\u00e9 durant un demi-si\u00e8cle. Un projet de restauration explique la pr\u00e9sence d&rsquo;une impressionnante grue en son sein. Pour Manifesta 12, le collectif masbedo.org, Nicol\u00f2 Massazza et Iacopo Bedoni, propose <em>Videomobile<\/em>, une camionnette qui est aussi bien un moyen d&rsquo;explorations et d&rsquo;interventions sociales qu&rsquo;un dispositif de pr\u00e9sentations et de consultations.<\/p>\n","protected":false},"excerpt":{"rendered":"<p>Vendredi 15 juin, 9h40, Palerme. Le Palazzo Costantino, riche b\u00e2timent du XVIIe si\u00e8cle, fut r\u00e9quisitionn\u00e9 par les troupes allemandes puis par les alli\u00e9s au cours de la seconde guerre mondiale, puis abandonn\u00e9 durant un demi-si\u00e8cle. Un projet de restauration explique la pr\u00e9sence d&rsquo;une impressionnante grue en son sein. Pour Manifesta 12, le collectif masbedo.org, Nicol\u00f2 &hellip; <a href=\"http:\/\/jlggb.net\/blog6\/2018\/06\/15\/mobile\/\" class=\"more-link\">Continuer la lecture de <span class=\"screen-reader-text\">Mobile<\/span><\/a><\/p>\n","protected":false},"author":1,"featured_media":0,"comment_status":"closed","ping_status":"closed","sticky":false,"template":"","format":"standard","meta":{"footnotes":""},"categories":[11,94],"tags":[252,251,237,228],"class_list":["post-1147","post","type-post","status-publish","format-standard","hentry","category-disposition","category-figuration","tag-camion","tag-film","tag-manifesta-12","tag-palerme"],"_links":{"self":[{"href":"http:\/\/jlggb.net\/blog6\/wp-json\/wp\/v2\/posts\/1147","targetHints":{"allow":["GET"]}}],"collection":[{"href":"http:\/\/jlggb.net\/blog6\/wp-json\/wp\/v2\/posts"}],"about":[{"href":"http:\/\/jlggb.net\/blog6\/wp-json\/wp\/v2\/types\/post"}],"author":[{"embeddable":true,"href":"http:\/\/jlggb.net\/blog6\/wp-json\/wp\/v2\/users\/1"}],"replies":[{"embeddable":true,"href":"http:\/\/jlggb.net\/blog6\/wp-json\/wp\/v2\/comments?post=1147"}],"version-history":[{"count":2,"href":"http:\/\/jlggb.net\/blog6\/wp-json\/wp\/v2\/posts\/1147\/revisions"}],"predecessor-version":[{"id":4627,"href":"http:\/\/jlggb.net\/blog6\/wp-json\/wp\/v2\/posts\/1147\/revisions\/4627"}],"wp:attachment":[{"href":"http:\/\/jlggb.net\/blog6\/wp-json\/wp\/v2\/media?parent=1147"}],"wp:term":[{"taxonomy":"category","embeddable":true,"href":"http:\/\/jlggb.net\/blog6\/wp-json\/wp\/v2\/categories?post=1147"},{"taxonomy":"post_tag","embeddable":true,"href":"http:\/\/jlggb.net\/blog6\/wp-json\/wp\/v2\/tags?post=1147"}],"curies":[{"name":"wp","href":"https:\/\/api.w.org\/{rel}","templated":true}]}}