{"id":1122,"date":"2018-06-16T17:00:03","date_gmt":"2018-06-16T15:00:03","guid":{"rendered":"http:\/\/jlggb.net\/blog6\/?p=1122"},"modified":"2018-06-28T18:57:33","modified_gmt":"2018-06-28T16:57:33","slug":"veduta-planetaire","status":"publish","type":"post","link":"http:\/\/jlggb.net\/blog6\/2018\/06\/16\/veduta-planetaire\/","title":{"rendered":"Veduta plan\u00e9taire"},"content":{"rendered":"<p><a href=\"http:\/\/jlggb.net\/blog6\/wp-content\/uploads\/2018\/06\/palerme-veduta-20180616.jpg\" data-rel=\"lightbox-image-0\" data-imagelightbox=\"0\" data-rl_title=\"\" data-rl_caption=\"\" title=\"\"><img loading=\"lazy\" decoding=\"async\" class=\"alignnone size-full wp-image-1123\" src=\"http:\/\/jlggb.net\/blog6\/wp-content\/uploads\/2018\/06\/palerme-veduta-20180616.jpg\" alt=\"\" width=\"640\" height=\"480\" srcset=\"http:\/\/jlggb.net\/blog6\/wp-content\/uploads\/2018\/06\/palerme-veduta-20180616.jpg 2400w, http:\/\/jlggb.net\/blog6\/wp-content\/uploads\/2018\/06\/palerme-veduta-20180616-300x225.jpg 300w, http:\/\/jlggb.net\/blog6\/wp-content\/uploads\/2018\/06\/palerme-veduta-20180616-768x576.jpg 768w, http:\/\/jlggb.net\/blog6\/wp-content\/uploads\/2018\/06\/palerme-veduta-20180616-1024x768.jpg 1024w, http:\/\/jlggb.net\/blog6\/wp-content\/uploads\/2018\/06\/palerme-veduta-20180616-150x113.jpg 150w\" sizes=\"auto, (max-width: 640px) 100vw, 640px\" \/><\/a><br \/>\nSamedi 16 juin 2018, 17h, Galleria d&rsquo;Arte Moderna\u00a0\u2014\u00a0GAM, Palerme. Le tableau de Francesco Lojacono, <em>Veduta di Palermo<\/em>, 1875, appuie le choix par Manifesta 12 de la r\u00e9f\u00e9rence \u00e0 Gilles Cl\u00e9ment : \u00ab Le Jardin plan\u00e9taire \u00bb dont l&rsquo;humanit\u00e9 est en charge d&rsquo;\u00eatre le jardinier. Un tel paysage peut illustrer le mythe du \u00ab jardin m\u00e9diterran\u00e9en \u00bb mais \u00ab\u00a0il t\u00e9moigne de ce que furent les nouveaux paysages du pass\u00e9, d&rsquo;une coexistence exemplaire entre esp\u00e8ces indig\u00e8nes et exotiques, de leur adaptation \u00e0 l&rsquo;extr\u00eame aridit\u00e9 de longs \u00e9t\u00e9s \u00bb. Les citronniers \u2013 symbole de la Sicile \u2013 furent introduits sous la souverainet\u00e9 arabe, comme leur syst\u00e8me d&rsquo;irrigation. Figurent ainsi le citronnier venu d&rsquo;Asie et d&rsquo;Inde ; le tremble du Moyen-Orient ; l&rsquo;eucalyptus d&rsquo;Australie ; le n\u00e9flier du Japon ; l&rsquo;olivier d&rsquo;Asie mineure ; le myrte du sud de l&rsquo;Europe ou d&rsquo;Afrique du Nord ; le cactus du Mexique ; l&rsquo;agave d&rsquo;Am\u00e9rique centrale. Les c\u00e9r\u00e9ales dont les moutons se nourrissent eurent leurs graines apport\u00e9es du Moyen-Orient. Notes d&rsquo;apr\u00e8s le site <a href=\"http:\/\/m12.manifesta.org\/manifesta-12-releases-biennial-title\/\" target=\"_blank\" rel=\"noopener\">m12.manifesta.org<\/a> et d&rsquo;apr\u00e8s le texte \u00ab\u00a0An Encounter with Diversity\u00a0\u00bb de Giuseppe Barbera, professeur de botanique \u00e0 l&rsquo;Universit\u00e9 de Palerme, <em>Manifesta 12. Palermo Atlas<\/em>, OMA, Humboldt Books, 2018, pp. 158-162.<\/p>\n","protected":false},"excerpt":{"rendered":"<p>Samedi 16 juin 2018, 17h, Galleria d&rsquo;Arte Moderna\u00a0\u2014\u00a0GAM, Palerme. Le tableau de Francesco Lojacono, Veduta di Palermo, 1875, appuie le choix par Manifesta 12 de la r\u00e9f\u00e9rence \u00e0 Gilles Cl\u00e9ment : \u00ab Le Jardin plan\u00e9taire \u00bb dont l&rsquo;humanit\u00e9 est en charge d&rsquo;\u00eatre le jardinier. Un tel paysage peut illustrer le mythe du \u00ab jardin m\u00e9diterran\u00e9en &hellip; <a href=\"http:\/\/jlggb.net\/blog6\/2018\/06\/16\/veduta-planetaire\/\" class=\"more-link\">Continuer la lecture de <span class=\"screen-reader-text\">Veduta plan\u00e9taire<\/span><\/a><\/p>\n","protected":false},"author":1,"featured_media":0,"comment_status":"closed","ping_status":"closed","sticky":false,"template":"","format":"standard","meta":{"footnotes":""},"categories":[2,7],"tags":[237,228,249,250],"class_list":["post-1122","post","type-post","status-publish","format-standard","hentry","category-collection","category-enonciation","tag-manifesta-12","tag-palerme","tag-paysage","tag-plantes"],"_links":{"self":[{"href":"http:\/\/jlggb.net\/blog6\/wp-json\/wp\/v2\/posts\/1122","targetHints":{"allow":["GET"]}}],"collection":[{"href":"http:\/\/jlggb.net\/blog6\/wp-json\/wp\/v2\/posts"}],"about":[{"href":"http:\/\/jlggb.net\/blog6\/wp-json\/wp\/v2\/types\/post"}],"author":[{"embeddable":true,"href":"http:\/\/jlggb.net\/blog6\/wp-json\/wp\/v2\/users\/1"}],"replies":[{"embeddable":true,"href":"http:\/\/jlggb.net\/blog6\/wp-json\/wp\/v2\/comments?post=1122"}],"version-history":[{"count":24,"href":"http:\/\/jlggb.net\/blog6\/wp-json\/wp\/v2\/posts\/1122\/revisions"}],"predecessor-version":[{"id":1192,"href":"http:\/\/jlggb.net\/blog6\/wp-json\/wp\/v2\/posts\/1122\/revisions\/1192"}],"wp:attachment":[{"href":"http:\/\/jlggb.net\/blog6\/wp-json\/wp\/v2\/media?parent=1122"}],"wp:term":[{"taxonomy":"category","embeddable":true,"href":"http:\/\/jlggb.net\/blog6\/wp-json\/wp\/v2\/categories?post=1122"},{"taxonomy":"post_tag","embeddable":true,"href":"http:\/\/jlggb.net\/blog6\/wp-json\/wp\/v2\/tags?post=1122"}],"curies":[{"name":"wp","href":"https:\/\/api.w.org\/{rel}","templated":true}]}}