{"id":1061,"date":"2018-06-15T17:45:36","date_gmt":"2018-06-15T15:45:36","guid":{"rendered":"http:\/\/jlggb.net\/blog6\/?p=1061"},"modified":"2018-06-28T19:17:31","modified_gmt":"2018-06-28T17:17:31","slug":"dautres-plantes","status":"publish","type":"post","link":"http:\/\/jlggb.net\/blog6\/2018\/06\/15\/dautres-plantes\/","title":{"rendered":"D&rsquo;autres plantes"},"content":{"rendered":"<p><a href=\"http:\/\/jlggb.net\/blog6\/wp-content\/uploads\/2018\/06\/manifesta-fruits-ceramique-20180615.jpg\" data-rel=\"lightbox-image-0\" data-imagelightbox=\"0\" data-rl_title=\"\" data-rl_caption=\"\" title=\"\"><img loading=\"lazy\" decoding=\"async\" class=\"alignnone size-full wp-image-1062\" src=\"http:\/\/jlggb.net\/blog6\/wp-content\/uploads\/2018\/06\/manifesta-fruits-ceramique-20180615.jpg\" alt=\"\" width=\"640\" height=\"480\" srcset=\"http:\/\/jlggb.net\/blog6\/wp-content\/uploads\/2018\/06\/manifesta-fruits-ceramique-20180615.jpg 2000w, http:\/\/jlggb.net\/blog6\/wp-content\/uploads\/2018\/06\/manifesta-fruits-ceramique-20180615-300x225.jpg 300w, http:\/\/jlggb.net\/blog6\/wp-content\/uploads\/2018\/06\/manifesta-fruits-ceramique-20180615-768x576.jpg 768w, http:\/\/jlggb.net\/blog6\/wp-content\/uploads\/2018\/06\/manifesta-fruits-ceramique-20180615-1024x768.jpg 1024w, http:\/\/jlggb.net\/blog6\/wp-content\/uploads\/2018\/06\/manifesta-fruits-ceramique-20180615-150x113.jpg 150w\" sizes=\"auto, (max-width: 640px) 100vw, 640px\" \/><\/a><br \/>\nVendredi 15 juin 2018, 17h45, Orto Botanico, Palerme. Pour Manifesta 12, Alberto Baraya, de Bogota, propose <em>Nouvelles Plantes de Palerme et de ses environs. Une exp\u00e9dition sicilienne<\/em>. Sa collecte comporte des fruits de c\u00e9ramique traditionnels, sign\u00e9s par la poterie Santo Stefano de Camastra.<\/p>\n","protected":false},"excerpt":{"rendered":"<p>Vendredi 15 juin 2018, 17h45, Orto Botanico, Palerme. Pour Manifesta 12, Alberto Baraya, de Bogota, propose Nouvelles Plantes de Palerme et de ses environs. Une exp\u00e9dition sicilienne. Sa collecte comporte des fruits de c\u00e9ramique traditionnels, sign\u00e9s par la poterie Santo Stefano de Camastra.<\/p>\n","protected":false},"author":1,"featured_media":0,"comment_status":"closed","ping_status":"closed","sticky":false,"template":"","format":"standard","meta":{"footnotes":""},"categories":[2,94,12],"tags":[235,236,237,228],"class_list":["post-1061","post","type-post","status-publish","format-standard","hentry","category-collection","category-figuration","category-objectivation","tag-ceramiqueque","tag-fruits","tag-manifesta-12","tag-palerme"],"_links":{"self":[{"href":"http:\/\/jlggb.net\/blog6\/wp-json\/wp\/v2\/posts\/1061","targetHints":{"allow":["GET"]}}],"collection":[{"href":"http:\/\/jlggb.net\/blog6\/wp-json\/wp\/v2\/posts"}],"about":[{"href":"http:\/\/jlggb.net\/blog6\/wp-json\/wp\/v2\/types\/post"}],"author":[{"embeddable":true,"href":"http:\/\/jlggb.net\/blog6\/wp-json\/wp\/v2\/users\/1"}],"replies":[{"embeddable":true,"href":"http:\/\/jlggb.net\/blog6\/wp-json\/wp\/v2\/comments?post=1061"}],"version-history":[{"count":9,"href":"http:\/\/jlggb.net\/blog6\/wp-json\/wp\/v2\/posts\/1061\/revisions"}],"predecessor-version":[{"id":1197,"href":"http:\/\/jlggb.net\/blog6\/wp-json\/wp\/v2\/posts\/1061\/revisions\/1197"}],"wp:attachment":[{"href":"http:\/\/jlggb.net\/blog6\/wp-json\/wp\/v2\/media?parent=1061"}],"wp:term":[{"taxonomy":"category","embeddable":true,"href":"http:\/\/jlggb.net\/blog6\/wp-json\/wp\/v2\/categories?post=1061"},{"taxonomy":"post_tag","embeddable":true,"href":"http:\/\/jlggb.net\/blog6\/wp-json\/wp\/v2\/tags?post=1061"}],"curies":[{"name":"wp","href":"https:\/\/api.w.org\/{rel}","templated":true}]}}