{"id":1019,"date":"2018-06-04T22:00:59","date_gmt":"2018-06-04T20:00:59","guid":{"rendered":"http:\/\/jlggb.net\/blog6\/?p=1019"},"modified":"2019-12-29T11:21:34","modified_gmt":"2019-12-29T10:21:34","slug":"le-bouquet-de-dahlias","status":"publish","type":"post","link":"http:\/\/jlggb.net\/blog6\/2018\/06\/04\/le-bouquet-de-dahlias\/","title":{"rendered":"Le bouquet de dahlias"},"content":{"rendered":"<p><a href=\"http:\/\/jlggb.net\/blog6\/wp-content\/uploads\/2018\/06\/emma-1948-recomposition-20180604.jpg\" data-rel=\"lightbox-image-0\" data-imagelightbox=\"0\" data-rl_title=\"\" data-rl_caption=\"\" title=\"\"><img loading=\"lazy\" decoding=\"async\" class=\"alignnone wp-image-1020\" src=\"http:\/\/jlggb.net\/blog6\/wp-content\/uploads\/2018\/06\/emma-1948-recomposition-20180604.jpg\" alt=\"\" width=\"640\" height=\"960\" srcset=\"http:\/\/jlggb.net\/blog6\/wp-content\/uploads\/2018\/06\/emma-1948-recomposition-20180604.jpg 1280w, http:\/\/jlggb.net\/blog6\/wp-content\/uploads\/2018\/06\/emma-1948-recomposition-20180604-200x300.jpg 200w, http:\/\/jlggb.net\/blog6\/wp-content\/uploads\/2018\/06\/emma-1948-recomposition-20180604-768x1152.jpg 768w, http:\/\/jlggb.net\/blog6\/wp-content\/uploads\/2018\/06\/emma-1948-recomposition-20180604-683x1024.jpg 683w, http:\/\/jlggb.net\/blog6\/wp-content\/uploads\/2018\/06\/emma-1948-recomposition-20180604-100x150.jpg 100w\" sizes=\"auto, (max-width: 640px) 100vw, 640px\" \/><\/a><br \/>\n<a href=\"http:\/\/jlggb.net\/blog6\/wp-content\/uploads\/2018\/06\/dahlias_emma_93bis_20180604.jpg\" data-rel=\"lightbox-image-1\" data-imagelightbox=\"1\" data-rl_title=\"\" data-rl_caption=\"\" title=\"\"><img loading=\"lazy\" decoding=\"async\" class=\"alignnone wp-image-1022\" src=\"http:\/\/jlggb.net\/blog6\/wp-content\/uploads\/2018\/06\/dahlias_emma_93bis_20180604.jpg\" alt=\"\" width=\"640\" height=\"480\" srcset=\"http:\/\/jlggb.net\/blog6\/wp-content\/uploads\/2018\/06\/dahlias_emma_93bis_20180604.jpg 2400w, http:\/\/jlggb.net\/blog6\/wp-content\/uploads\/2018\/06\/dahlias_emma_93bis_20180604-300x225.jpg 300w, http:\/\/jlggb.net\/blog6\/wp-content\/uploads\/2018\/06\/dahlias_emma_93bis_20180604-768x576.jpg 768w, http:\/\/jlggb.net\/blog6\/wp-content\/uploads\/2018\/06\/dahlias_emma_93bis_20180604-1024x768.jpg 1024w, http:\/\/jlggb.net\/blog6\/wp-content\/uploads\/2018\/06\/dahlias_emma_93bis_20180604-150x113.jpg 150w\" sizes=\"auto, (max-width: 640px) 100vw, 640px\" \/><\/a><br \/>\nLundi 4 juin 2018, 93bis. Le portrait de notre m\u00e8re fut fait le 8 octobre 1948 par notre p\u00e8re, alors qu&rsquo;il partait de Saint-Laurent en Royans pour une deuxi\u00e8me ann\u00e9e comme \u00e9tudiant \u00e0 l&rsquo;Institut national d&rsquo;orientation professionnelle \u00e0 Paris. Portrait sans doute trop appr\u00eat\u00e9 car il devait r\u00e9sister \u00e0 l&rsquo;\u00e9loignement. Mais les dahlias, fleurs d\u2019automne du jardin, se trouvaient dans le vase familier, un pot de la r\u00e9gion, de Saint Uze, qui est encore l\u00e0.<\/p>\n","protected":false},"excerpt":{"rendered":"<p>Lundi 4 juin 2018, 93bis. Le portrait de notre m\u00e8re fut fait le 8 octobre 1948 par notre p\u00e8re, alors qu&rsquo;il partait de Saint-Laurent en Royans pour une deuxi\u00e8me ann\u00e9e comme \u00e9tudiant \u00e0 l&rsquo;Institut national d&rsquo;orientation professionnelle \u00e0 Paris. Portrait sans doute trop appr\u00eat\u00e9 car il devait r\u00e9sister \u00e0 l&rsquo;\u00e9loignement. Mais les dahlias, fleurs d\u2019automne &hellip; <a href=\"http:\/\/jlggb.net\/blog6\/2018\/06\/04\/le-bouquet-de-dahlias\/\" class=\"more-link\">Continuer la lecture de <span class=\"screen-reader-text\">Le bouquet de dahlias<\/span><\/a><\/p>\n","protected":false},"author":1,"featured_media":0,"comment_status":"closed","ping_status":"closed","sticky":false,"template":"","format":"standard","meta":{"footnotes":""},"categories":[11,8],"tags":[224,225,197,226],"class_list":["post-1019","post","type-post","status-publish","format-standard","hentry","category-disposition","category-memorisation","tag-224","tag-fleurs","tag-portrait","tag-vase"],"_links":{"self":[{"href":"http:\/\/jlggb.net\/blog6\/wp-json\/wp\/v2\/posts\/1019","targetHints":{"allow":["GET"]}}],"collection":[{"href":"http:\/\/jlggb.net\/blog6\/wp-json\/wp\/v2\/posts"}],"about":[{"href":"http:\/\/jlggb.net\/blog6\/wp-json\/wp\/v2\/types\/post"}],"author":[{"embeddable":true,"href":"http:\/\/jlggb.net\/blog6\/wp-json\/wp\/v2\/users\/1"}],"replies":[{"embeddable":true,"href":"http:\/\/jlggb.net\/blog6\/wp-json\/wp\/v2\/comments?post=1019"}],"version-history":[{"count":6,"href":"http:\/\/jlggb.net\/blog6\/wp-json\/wp\/v2\/posts\/1019\/revisions"}],"predecessor-version":[{"id":4520,"href":"http:\/\/jlggb.net\/blog6\/wp-json\/wp\/v2\/posts\/1019\/revisions\/4520"}],"wp:attachment":[{"href":"http:\/\/jlggb.net\/blog6\/wp-json\/wp\/v2\/media?parent=1019"}],"wp:term":[{"taxonomy":"category","embeddable":true,"href":"http:\/\/jlggb.net\/blog6\/wp-json\/wp\/v2\/categories?post=1019"},{"taxonomy":"post_tag","embeddable":true,"href":"http:\/\/jlggb.net\/blog6\/wp-json\/wp\/v2\/tags?post=1019"}],"curies":[{"name":"wp","href":"https:\/\/api.w.org\/{rel}","templated":true}]}}