{"id":1007,"date":"2018-06-05T12:00:49","date_gmt":"2018-06-05T10:00:49","guid":{"rendered":"http:\/\/jlggb.net\/blog6\/?p=1007"},"modified":"2018-06-10T00:15:57","modified_gmt":"2018-06-09T22:15:57","slug":"le-numero-27-de-la-couleur-des-jours","status":"publish","type":"post","link":"http:\/\/jlggb.net\/blog6\/2018\/06\/05\/le-numero-27-de-la-couleur-des-jours\/","title":{"rendered":"Le num\u00e9ro 27 de La Couleur des jours"},"content":{"rendered":"<p><a href=\"http:\/\/jlggb.net\/blog6\/wp-content\/uploads\/2018\/06\/cdj_27_jlggb.jpg\" data-rel=\"lightbox-image-0\" data-imagelightbox=\"0\" data-rl_title=\"\" data-rl_caption=\"\" title=\"\"><img loading=\"lazy\" decoding=\"async\" class=\"alignnone wp-image-1008\" src=\"http:\/\/jlggb.net\/blog6\/wp-content\/uploads\/2018\/06\/cdj_27_jlggb.jpg\" alt=\"\" width=\"640\" height=\"1069\" srcset=\"http:\/\/jlggb.net\/blog6\/wp-content\/uploads\/2018\/06\/cdj_27_jlggb.jpg 1126w, http:\/\/jlggb.net\/blog6\/wp-content\/uploads\/2018\/06\/cdj_27_jlggb-180x300.jpg 180w, http:\/\/jlggb.net\/blog6\/wp-content\/uploads\/2018\/06\/cdj_27_jlggb-768x1283.jpg 768w, http:\/\/jlggb.net\/blog6\/wp-content\/uploads\/2018\/06\/cdj_27_jlggb-613x1024.jpg 613w, http:\/\/jlggb.net\/blog6\/wp-content\/uploads\/2018\/06\/cdj_27_jlggb-90x150.jpg 90w\" sizes=\"auto, (max-width: 640px) 100vw, 640px\" \/><\/a><br \/>\nMardi 5 juin 2018, 12h. R\u00e9ception du num\u00e9ro 27 de <em>La Couleur des jours<\/em>, \u00e9t\u00e9 2018, <a href=\"http:\/\/www.lacouleurdesjours.ch\/\" rel=\"noopener\" target=\"_blank\">http:\/\/www.lacouleurdesjours.ch\/<\/a>, avec la rubrique \u00ab De l\u2019album de jlggb \u00bb.<\/p>\n","protected":false},"excerpt":{"rendered":"<p>Mardi 5 juin 2018, 12h. R\u00e9ception du num\u00e9ro 27 de La Couleur des jours, \u00e9t\u00e9 2018, http:\/\/www.lacouleurdesjours.ch\/, avec la rubrique \u00ab De l\u2019album de jlggb \u00bb.<\/p>\n","protected":false},"author":1,"featured_media":0,"comment_status":"closed","ping_status":"closed","sticky":false,"template":"","format":"standard","meta":{"footnotes":""},"categories":[13],"tags":[126],"class_list":["post-1007","post","type-post","status-publish","format-standard","hentry","category-reception","tag-la-couleur-des-jours"],"_links":{"self":[{"href":"http:\/\/jlggb.net\/blog6\/wp-json\/wp\/v2\/posts\/1007","targetHints":{"allow":["GET"]}}],"collection":[{"href":"http:\/\/jlggb.net\/blog6\/wp-json\/wp\/v2\/posts"}],"about":[{"href":"http:\/\/jlggb.net\/blog6\/wp-json\/wp\/v2\/types\/post"}],"author":[{"embeddable":true,"href":"http:\/\/jlggb.net\/blog6\/wp-json\/wp\/v2\/users\/1"}],"replies":[{"embeddable":true,"href":"http:\/\/jlggb.net\/blog6\/wp-json\/wp\/v2\/comments?post=1007"}],"version-history":[{"count":3,"href":"http:\/\/jlggb.net\/blog6\/wp-json\/wp\/v2\/posts\/1007\/revisions"}],"predecessor-version":[{"id":1018,"href":"http:\/\/jlggb.net\/blog6\/wp-json\/wp\/v2\/posts\/1007\/revisions\/1018"}],"wp:attachment":[{"href":"http:\/\/jlggb.net\/blog6\/wp-json\/wp\/v2\/media?parent=1007"}],"wp:term":[{"taxonomy":"category","embeddable":true,"href":"http:\/\/jlggb.net\/blog6\/wp-json\/wp\/v2\/categories?post=1007"},{"taxonomy":"post_tag","embeddable":true,"href":"http:\/\/jlggb.net\/blog6\/wp-json\/wp\/v2\/tags?post=1007"}],"curies":[{"name":"wp","href":"https:\/\/api.w.org\/{rel}","templated":true}]}}