{"id":1004,"date":"2018-06-03T21:00:16","date_gmt":"2018-06-03T19:00:16","guid":{"rendered":"http:\/\/jlggb.net\/blog6\/?p=1004"},"modified":"2018-06-08T00:26:50","modified_gmt":"2018-06-07T22:26:50","slug":"anniversaire","status":"publish","type":"post","link":"http:\/\/jlggb.net\/blog6\/2018\/06\/03\/anniversaire\/","title":{"rendered":"Anniversaire"},"content":{"rendered":"<p><a href=\"http:\/\/jlggb.net\/blog6\/wp-content\/uploads\/2018\/06\/montreal-prosecco-airport-20180603.jpg\" data-rel=\"lightbox-image-0\" data-imagelightbox=\"0\" data-rl_title=\"\" data-rl_caption=\"\" title=\"\"><img loading=\"lazy\" decoding=\"async\" src=\"http:\/\/jlggb.net\/blog6\/wp-content\/uploads\/2018\/06\/montreal-prosecco-airport-20180603.jpg\" alt=\"\" width=\"640\" height=\"480\" class=\"alignnone size-full wp-image-1005\" srcset=\"http:\/\/jlggb.net\/blog6\/wp-content\/uploads\/2018\/06\/montreal-prosecco-airport-20180603.jpg 2000w, http:\/\/jlggb.net\/blog6\/wp-content\/uploads\/2018\/06\/montreal-prosecco-airport-20180603-300x225.jpg 300w, http:\/\/jlggb.net\/blog6\/wp-content\/uploads\/2018\/06\/montreal-prosecco-airport-20180603-768x576.jpg 768w, http:\/\/jlggb.net\/blog6\/wp-content\/uploads\/2018\/06\/montreal-prosecco-airport-20180603-1024x768.jpg 1024w, http:\/\/jlggb.net\/blog6\/wp-content\/uploads\/2018\/06\/montreal-prosecco-airport-20180603-150x113.jpg 150w\" sizes=\"auto, (max-width: 640px) 100vw, 640px\" \/><\/a><br \/>\nDimanche 3 juin 2018, 21h, a\u00e9roport de Montr\u00e9al. Je re\u00e7ois un message o\u00f9 il est question de prosecco dans la cour. J&rsquo;en commande un verre dans un bar un peu chic de la zone de l&#8217;embarquement Air Transat pour Paris.<\/p>\n","protected":false},"excerpt":{"rendered":"<p>Dimanche 3 juin 2018, 21h, a\u00e9roport de Montr\u00e9al. Je re\u00e7ois un message o\u00f9 il est question de prosecco dans la cour. J&rsquo;en commande un verre dans un bar un peu chic de la zone de l&#8217;embarquement Air Transat pour Paris.<\/p>\n","protected":false},"author":1,"featured_media":0,"comment_status":"closed","ping_status":"closed","sticky":false,"template":"","format":"standard","meta":{"footnotes":""},"categories":[24,15],"tags":[220,221],"class_list":["post-1004","post","type-post","status-publish","format-standard","hentry","category-indication","category-transportation","tag-avion","tag-verre"],"_links":{"self":[{"href":"http:\/\/jlggb.net\/blog6\/wp-json\/wp\/v2\/posts\/1004","targetHints":{"allow":["GET"]}}],"collection":[{"href":"http:\/\/jlggb.net\/blog6\/wp-json\/wp\/v2\/posts"}],"about":[{"href":"http:\/\/jlggb.net\/blog6\/wp-json\/wp\/v2\/types\/post"}],"author":[{"embeddable":true,"href":"http:\/\/jlggb.net\/blog6\/wp-json\/wp\/v2\/users\/1"}],"replies":[{"embeddable":true,"href":"http:\/\/jlggb.net\/blog6\/wp-json\/wp\/v2\/comments?post=1004"}],"version-history":[{"count":1,"href":"http:\/\/jlggb.net\/blog6\/wp-json\/wp\/v2\/posts\/1004\/revisions"}],"predecessor-version":[{"id":1006,"href":"http:\/\/jlggb.net\/blog6\/wp-json\/wp\/v2\/posts\/1004\/revisions\/1006"}],"wp:attachment":[{"href":"http:\/\/jlggb.net\/blog6\/wp-json\/wp\/v2\/media?parent=1004"}],"wp:term":[{"taxonomy":"category","embeddable":true,"href":"http:\/\/jlggb.net\/blog6\/wp-json\/wp\/v2\/categories?post=1004"},{"taxonomy":"post_tag","embeddable":true,"href":"http:\/\/jlggb.net\/blog6\/wp-json\/wp\/v2\/tags?post=1004"}],"curies":[{"name":"wp","href":"https:\/\/api.w.org\/{rel}","templated":true}]}}