{"id":995,"date":"2016-11-18T14:30:18","date_gmt":"2016-11-18T12:30:18","guid":{"rendered":"http:\/\/jlggb.net\/blog5\/?p=995"},"modified":"2020-09-20T21:17:10","modified_gmt":"2020-09-20T20:17:10","slug":"westost-1977","status":"publish","type":"post","link":"http:\/\/jlggb.net\/blog5\/2016\/11\/18\/westost-1977\/","title":{"rendered":"Ost\/West 1977"},"content":{"rendered":"<p><a href=\"http:\/\/jlggb.net\/blog5\/wp-content\/uploads\/2016\/11\/immendorff-2016.jpg\" data-rel=\"lightbox-image-0\" data-imagelightbox=\"0\" data-rl_title=\"\" data-rl_caption=\"\" title=\"\"><img loading=\"lazy\" decoding=\"async\" class=\"alignnone size-full wp-image-996\" src=\"http:\/\/jlggb.net\/blog5\/wp-content\/uploads\/2016\/11\/immendorff-2016.jpg\" alt=\"immendorff-2016\" width=\"640\" height=\"480\" srcset=\"http:\/\/jlggb.net\/blog5\/wp-content\/uploads\/2016\/11\/immendorff-2016.jpg 2000w, http:\/\/jlggb.net\/blog5\/wp-content\/uploads\/2016\/11\/immendorff-2016-400x300.jpg 400w, http:\/\/jlggb.net\/blog5\/wp-content\/uploads\/2016\/11\/immendorff-2016-768x576.jpg 768w, http:\/\/jlggb.net\/blog5\/wp-content\/uploads\/2016\/11\/immendorff-2016-150x113.jpg 150w\" sizes=\"auto, (max-width: 640px) 100vw, 640px\" \/><\/a><br \/>\nVendredi 18 novembre 2016, 14h30, galerie Suzanne Tarasi\u00e8ve, rue Pastourelle, Paris, 3e. J\u00f6rg Immendorff, <em>Ostturm<\/em>, 1977, bois peint, 65 x 19 x 19 cm&nbsp;;<em> Westturm<\/em>, 1977, bois peint, 77 x 18 x 18 cm. \u00c0 partir de 1976, J\u00f6rg Immendorff cr\u00e9e avec A. R. Penck une \u00ab&nbsp;alliance d&rsquo;action&nbsp;\u00bb par-dessus la fronti\u00e8re entre les deux Allemagne (deutsch-deutsche Aktionsb\u00fcndnis).<\/p>\n","protected":false},"excerpt":{"rendered":"<p>Vendredi 18 novembre 2016, 14h30, galerie Suzanne Tarasi\u00e8ve, rue Pastourelle, Paris, 3e. J\u00f6rg Immendorff, Ostturm, 1977, bois peint, 65 x 19 x 19 cm&nbsp;; Westturm, 1977, bois peint, 77 x 18 x 18 cm. \u00c0 partir de 1976, J\u00f6rg Immendorff cr\u00e9e avec A. R. Penck une \u00ab&nbsp;alliance d&rsquo;action&nbsp;\u00bb par-dessus la fronti\u00e8re entre les deux Allemagne &hellip; <a href=\"http:\/\/jlggb.net\/blog5\/2016\/11\/18\/westost-1977\/\" class=\"more-link\">Continuer la lecture de <span class=\"screen-reader-text\">Ost\/West 1977<\/span><\/a><\/p>\n","protected":false},"author":1,"featured_media":0,"comment_status":"closed","ping_status":"closed","sticky":false,"template":"","format":"standard","meta":{"footnotes":""},"categories":[58,16],"tags":[246,247],"class_list":["post-995","post","type-post","status-publish","format-standard","hentry","category-memoration","category-objectivation","tag-jorg-immendorff","tag-sculpture"],"_links":{"self":[{"href":"http:\/\/jlggb.net\/blog5\/wp-json\/wp\/v2\/posts\/995","targetHints":{"allow":["GET"]}}],"collection":[{"href":"http:\/\/jlggb.net\/blog5\/wp-json\/wp\/v2\/posts"}],"about":[{"href":"http:\/\/jlggb.net\/blog5\/wp-json\/wp\/v2\/types\/post"}],"author":[{"embeddable":true,"href":"http:\/\/jlggb.net\/blog5\/wp-json\/wp\/v2\/users\/1"}],"replies":[{"embeddable":true,"href":"http:\/\/jlggb.net\/blog5\/wp-json\/wp\/v2\/comments?post=995"}],"version-history":[{"count":0,"href":"http:\/\/jlggb.net\/blog5\/wp-json\/wp\/v2\/posts\/995\/revisions"}],"wp:attachment":[{"href":"http:\/\/jlggb.net\/blog5\/wp-json\/wp\/v2\/media?parent=995"}],"wp:term":[{"taxonomy":"category","embeddable":true,"href":"http:\/\/jlggb.net\/blog5\/wp-json\/wp\/v2\/categories?post=995"},{"taxonomy":"post_tag","embeddable":true,"href":"http:\/\/jlggb.net\/blog5\/wp-json\/wp\/v2\/tags?post=995"}],"curies":[{"name":"wp","href":"https:\/\/api.w.org\/{rel}","templated":true}]}}