{"id":926,"date":"2016-10-23T11:30:02","date_gmt":"2016-10-23T09:30:02","guid":{"rendered":"http:\/\/jlggb.net\/blog5\/?p=926"},"modified":"2016-11-14T01:54:49","modified_gmt":"2016-11-13T23:54:49","slug":"beton-enduit-et-couleurs","status":"publish","type":"post","link":"http:\/\/jlggb.net\/blog5\/2016\/10\/23\/beton-enduit-et-couleurs\/","title":{"rendered":"B\u00e9ton, cr\u00e9pi et couleurs"},"content":{"rendered":"<p><a href=\"http:\/\/jlggb.net\/blog5\/wp-content\/uploads\/2016\/11\/tourette-loggia-arbres-2016.jpg\" data-rel=\"lightbox-image-0\" data-imagelightbox=\"0\" data-rl_title=\"\" data-rl_caption=\"\" title=\"\"><img loading=\"lazy\" decoding=\"async\" src=\"http:\/\/jlggb.net\/blog5\/wp-content\/uploads\/2016\/11\/tourette-loggia-arbres-2016.jpg\" alt=\"tourette-loggia-arbres-2016\" width=\"640\" height=\"480\" class=\"alignnone size-full wp-image-927\" srcset=\"http:\/\/jlggb.net\/blog5\/wp-content\/uploads\/2016\/11\/tourette-loggia-arbres-2016.jpg 2000w, http:\/\/jlggb.net\/blog5\/wp-content\/uploads\/2016\/11\/tourette-loggia-arbres-2016-400x300.jpg 400w, http:\/\/jlggb.net\/blog5\/wp-content\/uploads\/2016\/11\/tourette-loggia-arbres-2016-768x576.jpg 768w, http:\/\/jlggb.net\/blog5\/wp-content\/uploads\/2016\/11\/tourette-loggia-arbres-2016-150x113.jpg 150w\" sizes=\"auto, (max-width: 640px) 100vw, 640px\" \/><\/a><br \/>\n<a href=\"http:\/\/jlggb.net\/blog5\/wp-content\/uploads\/2016\/11\/tourette-loggia-ouverture-2016.jpg\" data-rel=\"lightbox-image-1\" data-imagelightbox=\"1\" data-rl_title=\"\" data-rl_caption=\"\" title=\"\"><img loading=\"lazy\" decoding=\"async\" src=\"http:\/\/jlggb.net\/blog5\/wp-content\/uploads\/2016\/11\/tourette-loggia-ouverture-2016.jpg\" alt=\"tourette-loggia-ouverture-2016\" width=\"640\" height=\"480\" class=\"alignnone size-full wp-image-928\" srcset=\"http:\/\/jlggb.net\/blog5\/wp-content\/uploads\/2016\/11\/tourette-loggia-ouverture-2016.jpg 2000w, http:\/\/jlggb.net\/blog5\/wp-content\/uploads\/2016\/11\/tourette-loggia-ouverture-2016-400x300.jpg 400w, http:\/\/jlggb.net\/blog5\/wp-content\/uploads\/2016\/11\/tourette-loggia-ouverture-2016-768x576.jpg 768w, http:\/\/jlggb.net\/blog5\/wp-content\/uploads\/2016\/11\/tourette-loggia-ouverture-2016-150x113.jpg 150w\" sizes=\"auto, (max-width: 640px) 100vw, 640px\" \/><\/a><br \/>\nDimanche 23 octobre 2016, 11h30, couvent de La Tourette, troisi\u00e8me jour. Sortie vers la loggia de la cellule num\u00e9ro 73, au premier niveau, c\u00f4t\u00e9 est.<\/p>\n","protected":false},"excerpt":{"rendered":"<p>Dimanche 23 octobre 2016, 11h30, couvent de La Tourette, troisi\u00e8me jour. Sortie vers la loggia de la cellule num\u00e9ro 73, au premier niveau, c\u00f4t\u00e9 est.<\/p>\n","protected":false},"author":1,"featured_media":0,"comment_status":"closed","ping_status":"closed","sticky":false,"template":"","format":"standard","meta":{"footnotes":""},"categories":[58,42],"tags":[238,239],"class_list":["post-926","post","type-post","status-publish","format-standard","hentry","category-memoration","category-structuration","tag-la-tourette","tag-le-corbusier"],"_links":{"self":[{"href":"http:\/\/jlggb.net\/blog5\/wp-json\/wp\/v2\/posts\/926","targetHints":{"allow":["GET"]}}],"collection":[{"href":"http:\/\/jlggb.net\/blog5\/wp-json\/wp\/v2\/posts"}],"about":[{"href":"http:\/\/jlggb.net\/blog5\/wp-json\/wp\/v2\/types\/post"}],"author":[{"embeddable":true,"href":"http:\/\/jlggb.net\/blog5\/wp-json\/wp\/v2\/users\/1"}],"replies":[{"embeddable":true,"href":"http:\/\/jlggb.net\/blog5\/wp-json\/wp\/v2\/comments?post=926"}],"version-history":[{"count":0,"href":"http:\/\/jlggb.net\/blog5\/wp-json\/wp\/v2\/posts\/926\/revisions"}],"wp:attachment":[{"href":"http:\/\/jlggb.net\/blog5\/wp-json\/wp\/v2\/media?parent=926"}],"wp:term":[{"taxonomy":"category","embeddable":true,"href":"http:\/\/jlggb.net\/blog5\/wp-json\/wp\/v2\/categories?post=926"},{"taxonomy":"post_tag","embeddable":true,"href":"http:\/\/jlggb.net\/blog5\/wp-json\/wp\/v2\/tags?post=926"}],"curies":[{"name":"wp","href":"https:\/\/api.w.org\/{rel}","templated":true}]}}