{"id":902,"date":"2016-10-24T15:00:46","date_gmt":"2016-10-24T13:00:46","guid":{"rendered":"http:\/\/jlggb.net\/blog5\/?p=902"},"modified":"2016-10-26T19:34:35","modified_gmt":"2016-10-26T17:34:35","slug":"a-la-confluence","status":"publish","type":"post","link":"http:\/\/jlggb.net\/blog5\/2016\/10\/24\/a-la-confluence\/","title":{"rendered":"La Confluence turbulente"},"content":{"rendered":"<p><a href=\"http:\/\/jlggb.net\/blog5\/wp-content\/uploads\/2016\/10\/la-confluence-extreme-2016.jpg\" data-rel=\"lightbox-image-0\" data-imagelightbox=\"0\" data-rl_title=\"\" data-rl_caption=\"\" title=\"\"><img loading=\"lazy\" decoding=\"async\" src=\"http:\/\/jlggb.net\/blog5\/wp-content\/uploads\/2016\/10\/la-confluence-extreme-2016.jpg\" alt=\"la-confluence-extreme-2016\" width=\"640\" height=\"480\" class=\"alignnone size-full wp-image-903\" srcset=\"http:\/\/jlggb.net\/blog5\/wp-content\/uploads\/2016\/10\/la-confluence-extreme-2016.jpg 2000w, http:\/\/jlggb.net\/blog5\/wp-content\/uploads\/2016\/10\/la-confluence-extreme-2016-400x300.jpg 400w, http:\/\/jlggb.net\/blog5\/wp-content\/uploads\/2016\/10\/la-confluence-extreme-2016-768x576.jpg 768w, http:\/\/jlggb.net\/blog5\/wp-content\/uploads\/2016\/10\/la-confluence-extreme-2016-150x113.jpg 150w\" sizes=\"auto, (max-width: 640px) 100vw, 640px\" \/><\/a><br \/>\n<a href=\"http:\/\/jlggb.net\/blog5\/wp-content\/uploads\/2016\/10\/la-confluence-orange-vert-2016.jpg\" data-rel=\"lightbox-image-1\" data-imagelightbox=\"1\" data-rl_title=\"\" data-rl_caption=\"\" title=\"\"><img loading=\"lazy\" decoding=\"async\" src=\"http:\/\/jlggb.net\/blog5\/wp-content\/uploads\/2016\/10\/la-confluence-orange-vert-2016.jpg\" alt=\"la-confluence-orange-vert-2016\" width=\"640\" height=\"480\" class=\"alignnone size-full wp-image-904\" \/><\/a><br \/>\nLundi 24 octobre 2016, 14-15h, La Confluence, Lyon. Un nouveau quartier avec des vues int\u00e9ressantes&nbsp;: l&rsquo;extr\u00e9mit\u00e9, au plus pr\u00e8s de la confluence du Rh\u00f4ne et de la Sa\u00f4ne (ici avec un fort vent du midi); le Cube vert de Jakob+MacFarlane et ses tourbillons de perforations comme fa\u00e7ades accompagn\u00e9es de l&rsquo;agitation violente des tr\u00e8s grandes gousses brunes en arcs et des feuilles d\u00e9coup\u00e9es oranges des acacias.<\/p>\n","protected":false},"excerpt":{"rendered":"<p>Lundi 24 octobre 2016, 14-15h, La Confluence, Lyon. Un nouveau quartier avec des vues int\u00e9ressantes&nbsp;: l&rsquo;extr\u00e9mit\u00e9, au plus pr\u00e8s de la confluence du Rh\u00f4ne et de la Sa\u00f4ne (ici avec un fort vent du midi); le Cube vert de Jakob+MacFarlane et ses tourbillons de perforations comme fa\u00e7ades accompagn\u00e9es de l&rsquo;agitation violente des tr\u00e8s grandes gousses &hellip; <a href=\"http:\/\/jlggb.net\/blog5\/2016\/10\/24\/a-la-confluence\/\" class=\"more-link\">Continuer la lecture de <span class=\"screen-reader-text\">La Confluence turbulente<\/span><\/a><\/p>\n","protected":false},"author":1,"featured_media":0,"comment_status":"closed","ping_status":"closed","sticky":false,"template":"","format":"standard","meta":{"footnotes":""},"categories":[14,18,11],"tags":[236,235],"class_list":["post-902","post","type-post","status-publish","format-standard","hentry","category-disposition","category-observation","category-superposition","tag-la-confluence","tag-lyon"],"_links":{"self":[{"href":"http:\/\/jlggb.net\/blog5\/wp-json\/wp\/v2\/posts\/902","targetHints":{"allow":["GET"]}}],"collection":[{"href":"http:\/\/jlggb.net\/blog5\/wp-json\/wp\/v2\/posts"}],"about":[{"href":"http:\/\/jlggb.net\/blog5\/wp-json\/wp\/v2\/types\/post"}],"author":[{"embeddable":true,"href":"http:\/\/jlggb.net\/blog5\/wp-json\/wp\/v2\/users\/1"}],"replies":[{"embeddable":true,"href":"http:\/\/jlggb.net\/blog5\/wp-json\/wp\/v2\/comments?post=902"}],"version-history":[{"count":0,"href":"http:\/\/jlggb.net\/blog5\/wp-json\/wp\/v2\/posts\/902\/revisions"}],"wp:attachment":[{"href":"http:\/\/jlggb.net\/blog5\/wp-json\/wp\/v2\/media?parent=902"}],"wp:term":[{"taxonomy":"category","embeddable":true,"href":"http:\/\/jlggb.net\/blog5\/wp-json\/wp\/v2\/categories?post=902"},{"taxonomy":"post_tag","embeddable":true,"href":"http:\/\/jlggb.net\/blog5\/wp-json\/wp\/v2\/tags?post=902"}],"curies":[{"name":"wp","href":"https:\/\/api.w.org\/{rel}","templated":true}]}}